{"id":1128,"date":"2011-09-13T14:08:39","date_gmt":"2011-09-13T12:08:39","guid":{"rendered":"http:\/\/www.wartist.org\/blog\/?p=1128"},"modified":"2012-10-14T15:01:37","modified_gmt":"2012-10-14T13:01:37","slug":"markus-georg-reintgen-remember-september","status":"publish","type":"post","link":"https:\/\/www.wartist.org\/blog\/?p=1128","title":{"rendered":"Markus Georg Reintgen: &#8222;Remember September&#8220;"},"content":{"rendered":"<p>Zehn Jahre sind vergangen nach den <a title=\"9\/11 (Wikipedia)\" href=\"http:\/\/de.wikipedia.org\/wiki\/9\/11\" target=\"_blank\">Attentaten des 11. Septembers 2001<\/a> in den Vereinigten Staaten, die die Welt dramatisch ver\u00e4nderten. Auch K\u00fcnstler mit Handicaps wie <a title=\"Markus Georg Reintgen (InsiderArt)\" href=\"http:\/\/www.insiderart.de\/index.php?id=886\" target=\"_blank\"><strong>Markus Georg Reintgen<\/strong><\/a> (* 1963 in <a title=\"Nast\u00e4tten (Wikipedia)\" href=\"http:\/\/de.wikipedia.org\/wiki\/Nast%C3%A4tten\" target=\"_blank\">Nast\u00e4tten<\/a>) beziehen Position und versuchten\u00a0 diese traumatischen Ereignisse k\u00fcnstlerisch zu verarbeiten.<\/p>\n<p>ngg_shortcode_0_placeholder<!--more--><\/p>\n<p>In seiner f\u00fcnfteiligen Serie &#8222;Remember September&#8220; verwendet er abfotografierte Fernsehbilder, die w\u00e4hrend dieser Zeit auf die Welt einprasselten: unz\u00e4hlige, pausenlos, manipulierend.\u00a0 Reintgen reist durch diese Fernsehschirmlabyrinthe und digitalen Bilder, deren Oberfl\u00e4chlichkeit, Illusionen und Halbwahrheiten er offenbart, indem er sie festh\u00e4lt und untersucht.<\/p>\n<p>So verschwimmen <a title=\"Guantanamo (Wikipedia)\" href=\"http:\/\/de.wikipedia.org\/wiki\/Gefangenenlager_der_Guantanamo_Bay_Naval_Base\" target=\"_blank\">Guantanamo<\/a> und <a title=\"Wal-Mart (Wikipedia)\" href=\"http:\/\/de.wikipedia.org\/wiki\/Walmart\" target=\"_blank\">Wal-Mart<\/a>, Panzer und Flaggen, Kampfjets und Politiker. Die Kakophonie der Medien wird nochmals kondensiert. Die Anschl\u00e4ge selbst spielen hier keine Rolle mehr, es sind die Bilder der Ereignisse danach, die <a title=\"Afghanistankrieg (Wikipedia)\" href=\"http:\/\/de.wikipedia.org\/wiki\/Afghanistankrieg\" target=\"_blank\">Kriege in Afghanistan <\/a>und im <a title=\"Irakkrieg (Wikipedia)\" href=\"http:\/\/de.wikipedia.org\/wiki\/Irakkrieg\" target=\"_blank\">Irak<\/a>.<\/p>\nngg_shortcode_2_placeholder\n<p>Die f\u00fcnf gro\u00dfformatigen Arbeiten (zwischen 60 x 180 und 80 x 180 cm, Lambdaprints auf Aludibond) entstanden zwischen 2002 und 2003. Bei Interesse ist die Online-Galerie <a title=\"InsiderArt\" href=\"http:\/\/www.insiderart.de\/\"><strong>InsiderArt<\/strong><\/a> zu <a title=\"Mail: Bea Gellhorn (PublicCreations)\" href=\"mailto:gellhorn@insiderart.de\" target=\"_blank\">kontaktieren<\/a>.<\/p>","protected":false},"excerpt":{"rendered":"<p>Zehn Jahre sind vergangen nach den Attentaten des 11. Septembers 2001 in den Vereinigten Staaten, die die Welt dramatisch ver\u00e4nderten. Auch K\u00fcnstler mit Handicaps wie Markus Georg Reintgen (* 1963 in Nast\u00e4tten) beziehen Position und versuchten\u00a0 diese traumatischen Ereignisse k\u00fcnstlerisch zu verarbeiten.<\/p>\n","protected":false},"author":4,"featured_media":0,"comment_status":"open","ping_status":"open","sticky":false,"template":"","format":"standard","meta":{"ngg_post_thumbnail":0},"categories":[42,18],"tags":[360,357,20,6,66,140,72],"aioseo_notices":[],"_links":{"self":[{"href":"https:\/\/www.wartist.org\/blog\/index.php?rest_route=\/wp\/v2\/posts\/1128"}],"collection":[{"href":"https:\/\/www.wartist.org\/blog\/index.php?rest_route=\/wp\/v2\/posts"}],"about":[{"href":"https:\/\/www.wartist.org\/blog\/index.php?rest_route=\/wp\/v2\/types\/post"}],"author":[{"embeddable":true,"href":"https:\/\/www.wartist.org\/blog\/index.php?rest_route=\/wp\/v2\/users\/4"}],"replies":[{"embeddable":true,"href":"https:\/\/www.wartist.org\/blog\/index.php?rest_route=%2Fwp%2Fv2%2Fcomments&post=1128"}],"version-history":[{"count":6,"href":"https:\/\/www.wartist.org\/blog\/index.php?rest_route=\/wp\/v2\/posts\/1128\/revisions"}],"predecessor-version":[{"id":1131,"href":"https:\/\/www.wartist.org\/blog\/index.php?rest_route=\/wp\/v2\/posts\/1128\/revisions\/1131"}],"wp:attachment":[{"href":"https:\/\/www.wartist.org\/blog\/index.php?rest_route=%2Fwp%2Fv2%2Fmedia&parent=1128"}],"wp:term":[{"taxonomy":"category","embeddable":true,"href":"https:\/\/www.wartist.org\/blog\/index.php?rest_route=%2Fwp%2Fv2%2Fcategories&post=1128"},{"taxonomy":"post_tag","embeddable":true,"href":"https:\/\/www.wartist.org\/blog\/index.php?rest_route=%2Fwp%2Fv2%2Ftags&post=1128"}],"curies":[{"name":"wp","href":"https:\/\/api.w.org\/{rel}","templated":true}]}}