{"id":1144,"date":"2012-10-14T22:14:52","date_gmt":"2012-10-14T20:14:52","guid":{"rendered":"http:\/\/www.wartist.org\/blog\/?p=1144"},"modified":"2012-10-14T22:31:27","modified_gmt":"2012-10-14T20:31:27","slug":"verfuhrung-freiheit-kunst-in-europa-seit-1945-dhm-berlin","status":"publish","type":"post","link":"https:\/\/www.wartist.org\/blog\/?p=1144","title":{"rendered":"Verf\u00fchrung Freiheit &#8211; Kunst in Europa seit 1945 (DHM Berlin)"},"content":{"rendered":"<p>ngg_shortcode_0_placeholderDas <a title=\"DHM\" href=\"http:\/\/www.dhm.de\" target=\"_blank\"><strong>Deutsche Historische Museum<\/strong><\/a> (DHM) in Berlin pr\u00e4sentiert vom 17. Oktober 2012 bis 10. Februar 2013 die XXX. <a title=\"Europarat\" href=\"http:\/\/hub.coe.int\/de\/\" target=\"_blank\">Europaratsausstellung<\/a> unter dem nicht unprovokanten Titel <strong><a title=\"Verf\u00fchrung Freiheit (DHM)\" href=\"http:\/\/www.dhm.de\/ausstellungen\/verfuehrung-freiheit\/\" target=\"_blank\">&#8222;Verf\u00fchrung Freiheit &#8211; Kunst in Europa seit 1945&#8220;<\/a><\/strong>. Interessant ist nicht zuletzt die Tradition der <a title=\"Aufkl\u00e4rung (Wikipedia)\" href=\"http:\/\/de.wikipedia.org\/wiki\/Aufkl%C3%A4rung\" target=\"_blank\">Aufkl\u00e4rung<\/a> als zentraler Bezugspunkt, anstatt sich &#8211; wie sonst bei dieser Thematik zu erwarten w\u00e4re &#8211; an der Ost-West-Konfrontation des <a title=\"Kalter Krieg (Wikipedia)\" href=\"http:\/\/de.wikipedia.org\/wiki\/Kalter_Krieg\" target=\"_blank\">Kalten Krieges<\/a> abzuarbeiten. Somit sind vielf\u00e4ltige Ans\u00e4tze des k\u00fcnstlerischen Umgangs mit der Freiheit von 113 K\u00fcnstlern aus 28 L\u00e4ndern zu betrachten, Gem\u00e4lde, Zeichnungen, Fotografien, Videos und Installationen, u.a. von <strong><a title=\"Ian Hamilton Finlay\" href=\"http:\/\/www.ianhamiltonfinlay.com\/\" target=\"_blank\">Ian Hamilton Finlay<\/a>, <a title=\"Gerhard Richter\" href=\"http:\/\/www.gerhard-richter.com\/\" target=\"_blank\">Gerhard Richter<\/a>, <a title=\"Fondation Magritte\" href=\"http:\/\/www.magritte.be\/\" target=\"_blank\">Ren\u00e9 Magritte<\/a>, <a title=\"Richard Hamilton (Wikipedia)\" href=\"http:\/\/de.wikipedia.org\/wiki\/Richard_Hamilton_(K%C3%BCnstler)\" target=\"_blank\">Richard Hamilton<\/a>, <a title=\"Tadeusz Kantor (Wikipedia)\" href=\"http:\/\/de.wikipedia.org\/wiki\/Tadeusz_Kantor\" target=\"_blank\">Tadeusz Kantor<\/a>,\u00a0 <a title=\"Erik Bulatow (Wikipedia)\" href=\"http:\/\/de.wikipedia.org\/wiki\/Erik_Wladimirowitsch_Bulatow\" target=\"_blank\">Erik Bulatow<\/a>, <a title=\"Aurora Reinhard\" href=\"http:\/\/www.aurorareinhard.com\" target=\"_blank\">Aurora Reinhard<\/a> <\/strong>und <strong><a title=\"Christo and Jeanne-Claude\" href=\"http:\/\/www.christojeanneclaude.net\/\" target=\"_blank\">Christo<\/a><\/strong>, um nur einige zu nennen<strong>.<!--more--><\/strong><\/p>\n<p>Die beeindruckende Ausstellung wurde von <strong>Monika Flacke<\/strong> kuratiert (zusammen mit <strong>Henry Meyric Hughes<\/strong> und <strong>Ulrike Schmiegelt<\/strong>), die nicht zuletzt f\u00fcr die beiden ma\u00dfst\u00e4blichen DHM-Ausstellungen <a title=\"Mythen der Nationen (DHM)\" href=\"http:\/\/www.dhm.de\/ausstellungen\/mythen-der-nationen\/impressum.htm\" target=\"_blank\">&#8222;Mythen der Nationen&#8220;<\/a> (1998 und 2004\/2005) verantwortlich zeichnete.<\/p>\n<p>&#8222;Verf\u00fchrung Freiheit&#8220; (dem englischen Titel <em>&#8222;The Desire for Freedom&#8220;<\/em> fehlt leider etwas der Biss) wird anschlie\u00dfend im <a title=\"Palazzo Reale\" href=\"http:\/\/www.comune.milano.it\/palazzoreale\" target=\"_blank\">Palazzo Reale<\/a>, Mailand (15. M\u00e4rz bis 2. Juni 2013), im <a title=\"KUMU\" href=\"http:\/\/www.ekm.ee\/\" target=\"_blank\">KUMU<\/a>, Tallinn (28. Juni bis 29. September 2013) und im <a title=\"MOCAK\" href=\"http:\/\/mocak.com.pl\/en\" target=\"_blank\">MOCAK<\/a>, Krakau (18. Oktober 2013 bis 26. Januar 2014) zu sehen sein.<\/p>\n<p>Es erscheint ein <a title=\"Verf\u00fchrung Freiheit - Katalog\" href=\"http:\/\/www.dhm.de\/ausstellungen\/verfuehrung-freiheit\/katalog.html\" target=\"_blank\">Ausstellungskatalog<\/a> (352 Seiten, Sandstein Verlag) sowie als Novum ein erweiterter elektronischer Katalog mit zahlreichen zus\u00e4tzlichen Informationen und Videos. \u00dcber ein <a title=\"Verf\u00fchrung Freiheit - Begleitprogramm\" href=\"http:\/\/www.dhm.de\/ausstellungen\/verfuehrung-freiheit\/begleitprogramm.html\" target=\"_blank\">Begleitprogramm<\/a> (Ausstellungsf\u00fchrungen, Publikumsgespr\u00e4che und eine Filmreihe) werden Ausstellungsthemen zudem erweitert.<\/p>\n<p><strong><a title=\"Verf\u00fchrung Freiheit (DHM)\" href=\"http:\/\/www.dhm.de\/ausstellungen\/verfuehrung-freiheit\/\" target=\"_blank\">Verf\u00fchrung Freiheit &#8211; Kunst in Europa seit 1945<\/a><\/strong><br \/>\n17. Oktober 2012 bis 10. Februar 2013<br \/>\n<span style=\"text-decoration: underline;\">Vernissage:<\/span> 16. Oktober, 1830h<br \/>\nT\u00e4glich von 1000-1800h (geschlossen am 24. Dezember 2012)<br \/>\nEintritt 8,- \u20ac, erm\u00e4\u00dfigt 4,- \u20ac, bis 18 Jahre Eintritt frei<\/p>\n<p><a title=\"DHM\" href=\"http:\/\/www.dhm.de\" target=\"_blank\"><strong>Deutsches Historisches Museum<\/strong><\/a><br \/>\nUnter den Linden<br \/>\n10117 Berlin<\/p>","protected":false},"excerpt":{"rendered":"<p>Das Deutsche Historische Museum (DHM) in Berlin pr\u00e4sentiert vom 17. Oktober 2012 bis 10. Februar 2013 die XXX. Europaratsausstellung unter dem nicht unprovokanten Titel &#8222;Verf\u00fchrung Freiheit &#8211; Kunst in Europa seit 1945&#8220;. Interessant ist nicht zuletzt die Tradition der Aufkl\u00e4rung als zentraler Bezugspunkt, anstatt sich &#8211; wie sonst bei dieser Thematik zu erwarten w\u00e4re &#8211; &hellip; <a href=\"https:\/\/www.wartist.org\/blog\/?p=1144\" class=\"more-link\"><span class=\"screen-reader-text\">\u201eVerf\u00fchrung Freiheit &#8211; Kunst in Europa seit 1945 (DHM Berlin)\u201c<\/span> weiterlesen<\/a><\/p>\n","protected":false},"author":4,"featured_media":0,"comment_status":"open","ping_status":"open","sticky":false,"template":"","format":"standard","meta":{"ngg_post_thumbnail":0},"categories":[42,4],"tags":[16,8,58,47,6,87,82,50,48,354,79,92,72,23,108,120],"aioseo_notices":[],"_links":{"self":[{"href":"https:\/\/www.wartist.org\/blog\/index.php?rest_route=\/wp\/v2\/posts\/1144"}],"collection":[{"href":"https:\/\/www.wartist.org\/blog\/index.php?rest_route=\/wp\/v2\/posts"}],"about":[{"href":"https:\/\/www.wartist.org\/blog\/index.php?rest_route=\/wp\/v2\/types\/post"}],"author":[{"embeddable":true,"href":"https:\/\/www.wartist.org\/blog\/index.php?rest_route=\/wp\/v2\/users\/4"}],"replies":[{"embeddable":true,"href":"https:\/\/www.wartist.org\/blog\/index.php?rest_route=%2Fwp%2Fv2%2Fcomments&post=1144"}],"version-history":[{"count":5,"href":"https:\/\/www.wartist.org\/blog\/index.php?rest_route=\/wp\/v2\/posts\/1144\/revisions"}],"predecessor-version":[{"id":1147,"href":"https:\/\/www.wartist.org\/blog\/index.php?rest_route=\/wp\/v2\/posts\/1144\/revisions\/1147"}],"wp:attachment":[{"href":"https:\/\/www.wartist.org\/blog\/index.php?rest_route=%2Fwp%2Fv2%2Fmedia&parent=1144"}],"wp:term":[{"taxonomy":"category","embeddable":true,"href":"https:\/\/www.wartist.org\/blog\/index.php?rest_route=%2Fwp%2Fv2%2Fcategories&post=1144"},{"taxonomy":"post_tag","embeddable":true,"href":"https:\/\/www.wartist.org\/blog\/index.php?rest_route=%2Fwp%2Fv2%2Ftags&post=1144"}],"curies":[{"name":"wp","href":"https:\/\/api.w.org\/{rel}","templated":true}]}}