{"id":1197,"date":"2012-11-08T16:47:31","date_gmt":"2012-11-08T15:47:31","guid":{"rendered":"http:\/\/www.wartist.org\/blog\/?p=1197"},"modified":"2012-11-24T15:33:11","modified_gmt":"2012-11-24T14:33:11","slug":"uber-grenzen-haus-der-kulturen-der-welt-berlin","status":"publish","type":"post","link":"https:\/\/www.wartist.org\/blog\/?p=1197","title":{"rendered":"\u00dcber Grenzen (Haus der Kulturen der Welt, Berlin)"},"content":{"rendered":"<p>ngg_shortcode_0_placeholderVom 9. November bis 30. Dezember 2012 pr\u00e4sentiert das <a title=\"Haus der Kulturen der Welt\" href=\"http:\/\/hkw.de\" target=\"_blank\"><strong>Haus der Kulturen der Welt<\/strong><\/a> in Berlin die Ausstellung <strong><a title=\"\u00dcber Grenzen (HKW)\" href=\"http:\/\/hkw.de\/de\/programm\/2012\/ostkreuz_ueber_grenzen_2012\/ostkreuz_ueber_grenzen_2012_79155.php\" target=\"_blank\">&#8222;\u00dcber Grenzen&#8220;<\/a><\/strong> als Kooperation mit <strong><a title=\"Ostkreuz\" href=\"http:\/\/ostkreuz.de\" target=\"_blank\">&#8222;Ostkreuz &#8211; Agentur der Fotografen&#8220;<\/a><\/strong>. Die 18 Fotografen\/innen der Agentur setzten sich mit unterschiedlichen Aspekten des Themas &#8222;Grenzen&#8220; auseinander: Grenzen k\u00f6nnen territorial sein, aber genau so trennen sie soziale Bereiche, Inneres und \u00c4u\u00dferes. Grenzen k\u00f6nnen so sichtbar wie unsichtbar sein, gesamtgesellschaftlich oder individuell.<!--more--><\/p>\n<p>Entsprechend unterschiedlich sind die Reportagen, von der demilitarisierten Zone zwischen <a title=\"Nordkorea (Wikipedia)\" href=\"http:\/\/de.wikipedia.org\/wiki\/Nordkorea\" target=\"_blank\">Nord-<\/a> und <a title=\"S\u00fcdkorea (Wikipedia)\" href=\"http:\/\/de.wikipedia.org\/wiki\/S%C3%BCdkorea\" target=\"_blank\">S\u00fcdkorea<\/a> \u00fcber die Grenze zwischen Katholiken und Protestanten im <a title=\"Nordirland (Wikipedia)\" href=\"http:\/\/de.wikipedia.org\/wiki\/Nordirland\" target=\"_blank\">nordirischen<\/a> <a title=\"Belfast (Wikipedia)\" href=\"http:\/\/de.wikipedia.org\/wiki\/Belfast\" target=\"_blank\">Belfast<\/a> und den verschwindenden Spuren der <a title=\"Innerdeutsche Grenze (Wikipedia)\" href=\"http:\/\/de.wikipedia.org\/wiki\/Innerdeutsche_Grenze\" target=\"_blank\">innerdeutschen Grenze<\/a> bis zur <a title=\"UNFICYP (Wikipedia)\" href=\"http:\/\/de.wikipedia.org\/wiki\/United_Nations_Peacekeeping_Force_in_Cyprus\" target=\"_blank\">UN-Zone<\/a> auf <a title=\"Zypern (Wikipedia)\" href=\"http:\/\/de.wikipedia.org\/wiki\/Zypern\" target=\"_blank\">Zypern<\/a> und der Arbeit der EU-Grenzsicherungsagentur <a title=\"FRONTEX (Wikipedia)\" href=\"http:\/\/de.wikipedia.org\/wiki\/FRONTEX\" target=\"_blank\">FRONTEX<\/a> oder des <a title=\"IStGH (Wikipedia)\" href=\"http:\/\/de.wikipedia.org\/wiki\/Internationaler_Strafgerichtshof\" target=\"_blank\">Internationalen Strafgerichtshofs<\/a>. \u00dcber zwei Jahre bereiteten die Ostkreuz-Mitglieder diese Ausstellung vor, zu der bei <a title=\"Hatje Cantz\" href=\"http:\/\/www.hatjecantz.de\/\" target=\"_blank\"><strong>Hatje Cantz<\/strong><\/a> ein Katalog erschienen ist (296 Seiten, 160 Abbildungen, 38,- \u20ac).<\/p>\n<p style=\"text-align: center;\">ngg_shortcode_2_placeholder<\/p>\n<p>Die 18 Ostkreuz-Fotografen\/innen sind:<\/p>\n<p style=\"padding-left: 30px;\"><a title=\"J\u00f6rg Br\u00fcggemann\" href=\"http:\/\/www.joergbrueggemann.com\/\" target=\"_blank\">J\u00f6rg Br\u00fcggemann<\/a><br \/>\n<a title=\"Espen Eichh\u00f6fer\" href=\"http:\/\/www.espen-eichhoefer.de\/\" target=\"_blank\">Espen Eichh\u00f6fer<\/a><br \/>\n<a title=\"Sibylle Fendt\" href=\"http:\/\/www.sibyllefendt.de\/\" target=\"_blank\">Sibylle Fendt<\/a><br \/>\n<a title=\"Annette Hauschild (Ostkreuz)\" href=\"http:\/\/ostkreuz.de\/photographer\/4\" target=\"_blank\">Annette Hauschild<\/a><br \/>\n<a title=\"Harald Hauswald\" href=\"http:\/\/www.harald-hauswald.de\/\" target=\"_blank\">Harald Hauswald<\/a><br \/>\n<a title=\"Pepa Hristova\" href=\"http:\/\/ostkreuz.de\/photographer\/6\" target=\"_blank\">Pepa Hristova<\/a><br \/>\n<a title=\"Tobias Kruse\" href=\"http:\/\/www.tobias-kruse.com\/\" target=\"_blank\">Tobias Kruse<\/a><br \/>\n<a title=\"Ute Mahler (Ostkreuz)\" href=\"http:\/\/ostkreuz.de\/photographer\/8\" target=\"_blank\">Ute Mahler<\/a><br \/>\n<a title=\"Werner Mahler (Ostkreuz)\" href=\"http:\/\/ostkreuz.de\/photographer\/9\" target=\"_blank\">Werner Mahler<\/a><br \/>\n<a title=\"Dawin Meckel\" href=\"http:\/\/www.dawinmeckel.de\/\" target=\"_blank\">Dawin Meckel<\/a><br \/>\n<a title=\"Thomas Meyer\" href=\"http:\/\/www.thomas-meyer.com\/\" target=\"_blank\">Thomas Meyer<\/a><br \/>\n<a title=\"Julian R\u00f6der\" href=\"http:\/\/www.julianroeder.com\/\" target=\"_blank\">Julian R\u00f6der<\/a><br \/>\n<a title=\"Frank Schinski\" href=\"http:\/\/www.frankschinski.de\/\" target=\"_blank\">Frank Schinski<\/a><br \/>\n<a title=\"Jordis Antonia Schl\u00f6sser (Ostkreuz)\" href=\"http:\/\/ostkreuz.de\/photographer\/13\" target=\"_blank\">Jordis Antonia Schl\u00f6sser<\/a><br \/>\n<a title=\"Anne Sch\u00f6nharting (Ostkreuz)\" href=\"http:\/\/ostkreuz.de\/photographer\/14\" target=\"_blank\">Anne Sch\u00f6nharting<\/a><br \/>\n<a title=\"Linn Schr\u00f6der\" href=\"http:\/\/www.linnschroeder.de\/\" target=\"_blank\">Linn Schr\u00f6der<\/a><br \/>\n<a title=\"Heinrich V\u00f6lkel (Ostkreuz)\" href=\"http:\/\/ostkreuz.de\/photographer\/17\" target=\"_blank\">Heinrich V\u00f6lkel<\/a><br \/>\n<a title=\"Maurice Weiss (Ostkreuz)\" href=\"http:\/\/ostkreuz.de\/photographer\/18\" target=\"_blank\">Maurice Weiss<\/a><\/p>\n<p><strong><strong><a title=\"\u00dcber Grenzen (HKW)\" href=\"http:\/\/hkw.de\/de\/programm\/2012\/ostkreuz_ueber_grenzen_2012\/ostkreuz_ueber_grenzen_2012_79155.php\" target=\"_blank\">\u00dcber Grenzen<\/a><\/strong><br \/>\n<\/strong>9. November bis 30. Dezember 2012<br \/>\nMi-Mo und feiertags 1100-1900h; 12. Dezember nur bis 1700h ge\u00f6ffnet, 24.\/25. Dezember geschlossen<br \/>\nEintritt: 5,- \u20ac, erm\u00e4\u00dfigt 3,- \u20ac<br \/>\n<span style=\"text-decoration: underline;\">Vernissage:<\/span> 8. November, 1900h<\/p>\n<p><strong>Programm<\/strong><br \/>\n11. November, 1500h: <span style=\"text-decoration: underline;\">Ausstellungsf\u00fchrung<\/span> mit Annette Hauschild und Ute Mahler<br \/>\n25. November, 1500h: <span style=\"text-decoration: underline;\">Ausstellungsf\u00fchrung<\/span> mit Tobias Kruse und Anne Sch\u00f6nharting<br \/>\n25. November, 1500h: Kids &amp; Teens <span style=\"text-decoration: underline;\">Workshop<\/span> mit Annette Hauschild<br \/>\n9. Dezember, 1500h: <span style=\"text-decoration: underline;\">Ausstellungsf\u00fchrung<\/span> mit Tobias Kruse und Julian R\u00f6der<br \/>\n30. Dezember, 1500h: Kids &amp; Teens <span style=\"text-decoration: underline;\">Workshop<\/span> mit Charlotte Liess<br \/>\n30. Dezember, 1500h: <span style=\"text-decoration: underline;\">Finissage und Ausstellungsf\u00fchrung<\/span> mit Sibylle Fendt und Annette Hauschild<\/p>\n<p><strong><a title=\"Haus der Kulturen der Welt\" href=\"http:\/\/hkw.de\" target=\"_blank\"><strong>Haus der Kulturen der Welt<\/strong><\/a><br \/>\n<\/strong>John-Foster-Dulles-Allee 10<br \/>\n10557 Berlin<\/p>","protected":false},"excerpt":{"rendered":"<p>Vom 9. November bis 30. Dezember 2012 pr\u00e4sentiert das Haus der Kulturen der Welt in Berlin die Ausstellung &#8222;\u00dcber Grenzen&#8220; als Kooperation mit &#8222;Ostkreuz &#8211; Agentur der Fotografen&#8220;. Die 18 Fotografen\/innen der Agentur setzten sich mit unterschiedlichen Aspekten des Themas &#8222;Grenzen&#8220; auseinander: Grenzen k\u00f6nnen territorial sein, aber genau so trennen sie soziale Bereiche, Inneres und &hellip; <a href=\"https:\/\/www.wartist.org\/blog\/?p=1197\" class=\"more-link\"><span class=\"screen-reader-text\">\u201e\u00dcber Grenzen (Haus der Kulturen der Welt, Berlin)\u201c<\/span> weiterlesen<\/a><\/p>\n","protected":false},"author":4,"featured_media":0,"comment_status":"open","ping_status":"open","sticky":false,"template":"","format":"standard","meta":{"ngg_post_thumbnail":0},"categories":[42],"tags":[36,16,58,20,6,62,48,88,23,146],"aioseo_notices":[],"_links":{"self":[{"href":"https:\/\/www.wartist.org\/blog\/index.php?rest_route=\/wp\/v2\/posts\/1197"}],"collection":[{"href":"https:\/\/www.wartist.org\/blog\/index.php?rest_route=\/wp\/v2\/posts"}],"about":[{"href":"https:\/\/www.wartist.org\/blog\/index.php?rest_route=\/wp\/v2\/types\/post"}],"author":[{"embeddable":true,"href":"https:\/\/www.wartist.org\/blog\/index.php?rest_route=\/wp\/v2\/users\/4"}],"replies":[{"embeddable":true,"href":"https:\/\/www.wartist.org\/blog\/index.php?rest_route=%2Fwp%2Fv2%2Fcomments&post=1197"}],"version-history":[{"count":5,"href":"https:\/\/www.wartist.org\/blog\/index.php?rest_route=\/wp\/v2\/posts\/1197\/revisions"}],"predecessor-version":[{"id":1199,"href":"https:\/\/www.wartist.org\/blog\/index.php?rest_route=\/wp\/v2\/posts\/1197\/revisions\/1199"}],"wp:attachment":[{"href":"https:\/\/www.wartist.org\/blog\/index.php?rest_route=%2Fwp%2Fv2%2Fmedia&parent=1197"}],"wp:term":[{"taxonomy":"category","embeddable":true,"href":"https:\/\/www.wartist.org\/blog\/index.php?rest_route=%2Fwp%2Fv2%2Fcategories&post=1197"},{"taxonomy":"post_tag","embeddable":true,"href":"https:\/\/www.wartist.org\/blog\/index.php?rest_route=%2Fwp%2Fv2%2Ftags&post=1197"}],"curies":[{"name":"wp","href":"https:\/\/api.w.org\/{rel}","templated":true}]}}