{"id":1359,"date":"2013-03-08T12:38:29","date_gmt":"2013-03-08T11:38:29","guid":{"rendered":"http:\/\/www.wartist.org\/blog\/?p=1359"},"modified":"2013-03-09T17:00:38","modified_gmt":"2013-03-09T16:00:38","slug":"verfemt-verfolgt-vergessen-kunst-und-kunstler-im-nationalsozialismus-berlin","status":"publish","type":"post","link":"https:\/\/www.wartist.org\/blog\/?p=1359","title":{"rendered":"verfemt, verfolgt \u2013 vergessen? Kunst und K\u00fcnstler im Nationalsozialismus (Berlin)"},"content":{"rendered":"<p>Vom 16. M\u00e4rz bis 28. Juli 2013 zeigt das <a title=\"Stadtmuseum Berlin\" href=\"http:\/\/www.stadtmuseum.de\" target=\"_blank\"><strong>Stadtmuseum Berlin<\/strong><\/a> im <a title=\"Ephraim-Palais\" href=\"http:\/\/www.stadtmuseum.de\/index3.php?museum=ep\" target=\"_blank\">Emphraim-Palais<\/a> die Ausstellung <strong><a title=\"Stadtmuseum Berlin - Ausstellungsvorschau\" href=\"http:\/\/www.stadtmuseum.de\/presse\/vorschau\/\" target=\"_blank\">&#8222;verfemt, verfolgt \u2013 vergessen? Kunst und K\u00fcnstler im Nationalsozialismus&#8220;<\/a><\/strong> mit zahlreichen Werken aus der beeindruckenden <strong>Sammlung <a title=\"Dr. Gerhard Schneider (Wikipedia)\" href=\"http:\/\/de.wikipedia.org\/wiki\/Gerhard_Schneider_(Kunstsammler)\" target=\"_blank\">Gerhard Schneider<\/a><\/strong>. Das Stadtmuseum Berlin erinnert somit im Rahmen des Themenjahres <a title=\"Zerst\u00f6rte Vielfalt (Berlin)\" href=\"http:\/\/www.berlin.de\/2013\/start\/\" target=\"_blank\">&#8222;Zerst\u00f6rte Vielfalt&#8220;<\/a> zur <a title=\"Machtergreifung (Wikipedia)\" href=\"http:\/\/de.wikipedia.org\/wiki\/Machtergreifung\" target=\"_blank\">Macht\u00fcbernahme durch die Nationalsozialisten<\/a> vor 100 Jahren an die systematische Diffamierung moderner Kunst, bis hin zur Vernichtung. Die Ausstellung ist allen K\u00fcnstlerinnen und K\u00fcnstlern gewidmet, die verfemt, verfolgt oder gar ermordet wurden und deren Werke und Leben fast vergessen worden w\u00e4ren. Umso notwendiger ist es, an ihr Leid, aber nicht zuletzt an ihr Leben und ihre Arbeiten zu erinnern und sie dem Vergessen zu entrei\u00dfen.<\/p>\n<p>ngg_shortcode_0_placeholder<!--more--><\/p>\n<p>Die Lebensaufgabe des Sammlers Dr. Gerhard Schneider ist es, solche Werke und somit ihre Erschaffer zu bewahren, so in seiner <a title=\"Verfemte Kunst\" href=\"http:\/\/www.verfemte-kunst.de\/\" target=\"_blank\">&#8222;B\u00fcrgerstiftung f\u00fcr verfemte K\u00fcnste mit der Sammlung Gerhard Schneider, Solingen&#8220;<\/a>. H\u00e4ufig wurden die Arbeiten bewu\u00dft ausgegrenzt, zum Beispiel als <a title=\"Entartete Kunst (Wikipedia)\" href=\"http:\/\/de.wikipedia.org\/wiki\/Entartete_Kunst\" target=\"_blank\">&#8222;entartete Kunst&#8220;<\/a>. In der Sammlung &#8211; mit \u00fcber 400 vertretenen K\u00fcnstlerinnen und K\u00fcnstlern &#8211; finden sich zudem viele Arbeiten, die sich mit politischen Zusammenh\u00e4ngen kritisch auseinandersetzen, w\u00e4hrend die \u00d6ffentlichkeit davon nur wenig wissen wollte: man denke hierbei an die Werke zum <a title=\"Erster Weltkrieg (Wikipedia)\" href=\"http:\/\/de.wikipedia.org\/wiki\/Erster_Weltkrieg\" target=\"_blank\">Ersten Weltkrieg<\/a>, die 1914-1918 geschaffen wurden, w\u00e4hrend die heutige Erinnerung an Kunst zu jenem Krieg eher von K\u00fcnstlern wie <a title=\"Otto Dix (Wikipedia)\" href=\"http:\/\/de.wikipedia.org\/wiki\/Otto_Dix\" target=\"_blank\">Otto Dix <\/a>oder <a title=\"George Grosz (Wikipedia)\" href=\"http:\/\/de.wikipedia.org\/wiki\/George_Grosz\" target=\"_blank\">George Grosz<\/a> dominiert wird, deren Werke hierzu gr\u00f6\u00dftenteils aus der Nachkriegszeit stammten.<\/p>\n<p>F\u00fcr die Ausstellung wurden prim\u00e4r Arbeiten mit Berlinbezug gew\u00e4hlt, wie zum Beispiel von Georg Netzband (1900-1984). Jener geb\u00fcrtige Berliner durchlebte noch 18j\u00e4hrig die letzten Monate des Ersten Weltkrieges, wonach er an die Staatliche Kunstschule Berlins ging. F\u00fcr die Nazis war Netzband &#8222;politisch unzuverl\u00e4ssig&#8220;: mehrfach wurde er zur <a title=\"Gestapo (Wikipedia)\" href=\"http:\/\/de.wikipedia.org\/wiki\/Gestapo\" target=\"_blank\">Gestapo<\/a> geladen und 1936 mit Ausreise- und Ausstellungsverboten belegt. Netzband malte heimlich weiter, unter anderem das geradezu vision\u00e4re Bild &#8222;Der Sieger&#8220; aus dem Jahr 1939: der Tod steht in heroischer Pose auf einem Leichenberg, eine\u00a0deutsche Generalsuniform auf seinen Knochen. Auch in den <a title=\"Zweiter Weltkrieg (Wikipedia)\" href=\"http:\/\/de.wikipedia.org\/wiki\/Zweiter_Weltkrieg\" target=\"_blank\">Zweiten Weltkrieg<\/a> wurde Netzband eingezogen; an der <a title=\"Ostfront\/WK2 (Wikipedia)\" href=\"http:\/\/de.wikipedia.org\/wiki\/Deutsch-Sowjetischer_Krieg\" target=\"_blank\">Ostfront<\/a> wurde er verwundet und geriet in sowjetische Kriegsgefangenschaft, aus der er 1947\/48 zur\u00fcckkehrte. Der Maler verstand sich immer als Chronist, nicht zuletzt auch seiner Heimatstadt. So gilt es, ihn und andere K\u00fcnstlerinnen und K\u00fcnstler in dieser Ausstellung wiederzuentdecken.<\/p>\n<p><strong><a title=\"Stadtmuseum Berlin - Ausstellungsvorschau\" href=\"http:\/\/www.stadtmuseum.de\/presse\/vorschau\/\" target=\"_blank\">&#8222;verfemt, verfolgt \u2013 vergessen? Kunst und K\u00fcnstler im Nationalsozialismus&#8220;<\/a><\/strong>Werke aus der Sammlung Gerhard Schneider<br \/>\n16. M\u00e4rz bis 28. Juli 2013, Di\/Do-So 1000-1800h, Mi 1200-2000h<br \/>\nEintritt 5,- \u20ac (erm\u00e4\u00dfigt 3,- \u20ac; jeden ersten Mittwoch im Monat Eintritt frei)<\/p>\n<p>Die Er\u00f6ffnung wird in Form des Konzerts <a title=\"Verehrt - verfemt - versunken (Wartist)\" href=\"https:\/\/www.wartist.org\/blog\/?p=1362\"><strong>&#8222;Verehrt &#8211; verfemt &#8211; versunken&#8220;<\/strong><\/a> am 14. M\u00e4rz 2013 um 2000h in der <a title=\"Nikolaikirche (Wikipedia)\" href=\"http:\/\/de.wikipedia.org\/wiki\/Nikolaikirche_(Berlin)\" target=\"_blank\">Nikolaikirche<\/a> erfolgen.<\/p>\n<p><a title=\"Stadtmuseum Berlin\" href=\"http:\/\/www.stadtmuseum.de\" target=\"_blank\"><strong>Stadtmuseum Berlin<br \/>\n<\/strong><\/a><a title=\"Ephraim-Palais\" href=\"http:\/\/www.stadtmuseum.de\/index3.php?museum=ep\" target=\"_blank\">Emphraim-Palais<\/a><br \/>\nPoststr. 16<br \/>\n10178 Berlin<\/p>\n<div class='footnotes' id='footnotes-1359'>\n<div class='footnotedivider'><\/div>\n<ol>\n<li id='fn-1359-1'> banned, persecuted &#8211; forgotten? Art and Artists under National Socialism <span class='footnotereverse'><a href='#fnref-1359-1'>&#8617;<\/a><\/span><\/li>\n<li id='fn-1359-2'> civic trust for banned arts with the collection Gerhard Schneider, Solingen <span class='footnotereverse'><a href='#fnref-1359-2'>&#8617;<\/a><\/span><\/li>\n<\/ol>\n<\/div>","protected":false},"excerpt":{"rendered":"<p>Vom 16. M\u00e4rz bis 28. Juli 2013 zeigt das Stadtmuseum Berlin im Emphraim-Palais die Ausstellung &#8222;verfemt, verfolgt \u2013 vergessen? Kunst und K\u00fcnstler im Nationalsozialismus&#8220; mit zahlreichen Werken aus der beeindruckenden Sammlung Gerhard Schneider. Das Stadtmuseum Berlin erinnert somit im Rahmen des Themenjahres &#8222;Zerst\u00f6rte Vielfalt&#8220; zur Macht\u00fcbernahme durch die Nationalsozialisten vor 100 Jahren an die systematische &hellip; <a href=\"https:\/\/www.wartist.org\/blog\/?p=1359\" class=\"more-link\"><span class=\"screen-reader-text\">\u201everfemt, verfolgt \u2013 vergessen? Kunst und K\u00fcnstler im Nationalsozialismus (Berlin)\u201c<\/span> weiterlesen<\/a><\/p>\n","protected":false},"author":4,"featured_media":0,"comment_status":"open","ping_status":"open","sticky":false,"template":"","format":"standard","meta":{"ngg_post_thumbnail":0},"categories":[42,4],"tags":[16,8,58,20,355,354,356],"aioseo_notices":[],"_links":{"self":[{"href":"https:\/\/www.wartist.org\/blog\/index.php?rest_route=\/wp\/v2\/posts\/1359"}],"collection":[{"href":"https:\/\/www.wartist.org\/blog\/index.php?rest_route=\/wp\/v2\/posts"}],"about":[{"href":"https:\/\/www.wartist.org\/blog\/index.php?rest_route=\/wp\/v2\/types\/post"}],"author":[{"embeddable":true,"href":"https:\/\/www.wartist.org\/blog\/index.php?rest_route=\/wp\/v2\/users\/4"}],"replies":[{"embeddable":true,"href":"https:\/\/www.wartist.org\/blog\/index.php?rest_route=%2Fwp%2Fv2%2Fcomments&post=1359"}],"version-history":[{"count":5,"href":"https:\/\/www.wartist.org\/blog\/index.php?rest_route=\/wp\/v2\/posts\/1359\/revisions"}],"predecessor-version":[{"id":1365,"href":"https:\/\/www.wartist.org\/blog\/index.php?rest_route=\/wp\/v2\/posts\/1359\/revisions\/1365"}],"wp:attachment":[{"href":"https:\/\/www.wartist.org\/blog\/index.php?rest_route=%2Fwp%2Fv2%2Fmedia&parent=1359"}],"wp:term":[{"taxonomy":"category","embeddable":true,"href":"https:\/\/www.wartist.org\/blog\/index.php?rest_route=%2Fwp%2Fv2%2Fcategories&post=1359"},{"taxonomy":"post_tag","embeddable":true,"href":"https:\/\/www.wartist.org\/blog\/index.php?rest_route=%2Fwp%2Fv2%2Ftags&post=1359"}],"curies":[{"name":"wp","href":"https:\/\/api.w.org\/{rel}","templated":true}]}}