{"id":1924,"date":"2016-02-05T16:52:54","date_gmt":"2016-02-05T15:52:54","guid":{"rendered":"http:\/\/www.wartist.org\/blog\/?p=1924"},"modified":"2016-02-09T17:35:05","modified_gmt":"2016-02-09T16:35:05","slug":"der-kaiser-rief-und-alle-alle-kamen-e-m-remarque-friedenszentrum-osnabrueck","status":"publish","type":"post","link":"https:\/\/www.wartist.org\/blog\/?p=1924","title":{"rendered":"&#8222;Der Kaiser rief &#8211; und Alle Alle kamen&#8220; (E.M.Remarque-Friedenszentrum Osnabr\u00fcck)"},"content":{"rendered":"<p>ngg_shortcode_0_placeholderW\u00e4hrend sich die Erinnerung an den <a href=\"https:\/\/de.wikipedia.org\/wiki\/Erster_Weltkrieg\" target=\"_blank\">Ersten Weltkrieg<\/a> hierzulande (und wohl bis 2018) wieder stark reduzierte, ist es doch erfreulich zu sehen, dass immer wieder Veranstaltungen auf jenen Krieg hinweisen, der vor 100 Jahren Millionen an Leben kostete. Am 12. Februar 2016 findet am <a href=\"http:\/\/www.remarque.uni-osnabrueck.de\/\" target=\"_blank\"><strong>Erich Maria Remarque-Friedenszentrum<\/strong><\/a> in Osnabr\u00fcck die Text-Ton-Bildcollage <strong><a href=\"http:\/\/www.remarque.uni-osnabrueck.de\/aktuell.html\" target=\"_blank\">&#8222;Der Kaiser rief &#8211; und Alle Alle kamen&#8220;<\/a><\/strong> statt.<!--more--><\/p>\n<p>Die Auff\u00fchrung verbindet literarische und dokumentarische Texte mit pers\u00f6nlichen Aufzeichnungen von Kriegsteilnehmern. Die Spannbreite reicht vom Romanauszug und Gedicht \u00fcber die Tagebuchnotiz bis zum Poesiealbeneintrag. Oberstufensch\u00fcler\/innen des <a href=\"http:\/\/www.gidw.de\/startseite.html\" target=\"_blank\">Gymnasiums in der W\u00fcste<\/a> lesen u.a. aus <a href=\"https:\/\/de.wikipedia.org\/wiki\/Peter_Englund\" target=\"_blank\"><strong>Peter Englunds<\/strong><\/a> <em>Sch\u00f6nheit und Schrecken<\/em>, <a href=\"https:\/\/de.wikipedia.org\/wiki\/Paul_Coelestin_Ettighoffer\" target=\"_blank\"><strong>Paul Coelestin Ettighoffers<\/strong><\/a> <em>Gespenster am Toten Mann<\/em> und <strong><a href=\"https:\/\/de.wikipedia.org\/wiki\/Erich_Maria_Remarque\" target=\"_blank\">Remarques<\/a><\/strong> <em>Im Westen nichts Neues<\/em>. Zahlreiche Bilder stellen Bez\u00fcge her, die \u00fcber die Texte hinausweisen, und den Kontrast von Scheinwelt und Realit\u00e4t betonen. Der Titel leitet sich aus einem &#8222;vaterl\u00e4ndischen Schauspiel&#8220; aus dem Jahr 1914 ab.<\/p>\n<p>&nbsp;<\/p>\n<p><strong><a href=\"http:\/\/www.remarque.uni-osnabrueck.de\/aktuell.html\" target=\"_blank\">&#8222;Der Kaiser rief &#8211; und Alle Alle kamen&#8220;<br \/>\n<\/a><\/strong>Text-Ton-Bildcollage<br \/>\nFr 12. Februar 2016, 1900h<br \/>\nEintritt frei<\/p>\n<p><a href=\"http:\/\/www.remarque.uni-osnabrueck.de\/\" target=\"_blank\"><strong>Erich Maria Remarque-Friedenszentrum<br \/>\n<\/strong><\/a>Markt 6<br \/>\n49069 Osnabr\u00fcck<\/p>","protected":false},"excerpt":{"rendered":"<p>W\u00e4hrend sich die Erinnerung an den Ersten Weltkrieg hierzulande (und wohl bis 2018) wieder stark reduzierte, ist es doch erfreulich zu sehen, dass immer wieder Veranstaltungen auf jenen Krieg hinweisen, der vor 100 Jahren Millionen an Leben kostete. Am 12. Februar 2016 findet am Erich Maria Remarque-Friedenszentrum in Osnabr\u00fcck die Text-Ton-Bildcollage &#8222;Der Kaiser rief &#8211; &hellip; <a href=\"https:\/\/www.wartist.org\/blog\/?p=1924\" class=\"more-link\"><span class=\"screen-reader-text\">\u201e&#8222;Der Kaiser rief &#8211; und Alle Alle kamen&#8220; (E.M.Remarque-Friedenszentrum Osnabr\u00fcck)\u201c<\/span> weiterlesen<\/a><\/p>\n","protected":false},"author":4,"featured_media":0,"comment_status":"open","ping_status":"open","sticky":false,"template":"","format":"standard","meta":{"ngg_post_thumbnail":0},"categories":[42,4],"tags":[58,20,355,335],"aioseo_notices":[],"_links":{"self":[{"href":"https:\/\/www.wartist.org\/blog\/index.php?rest_route=\/wp\/v2\/posts\/1924"}],"collection":[{"href":"https:\/\/www.wartist.org\/blog\/index.php?rest_route=\/wp\/v2\/posts"}],"about":[{"href":"https:\/\/www.wartist.org\/blog\/index.php?rest_route=\/wp\/v2\/types\/post"}],"author":[{"embeddable":true,"href":"https:\/\/www.wartist.org\/blog\/index.php?rest_route=\/wp\/v2\/users\/4"}],"replies":[{"embeddable":true,"href":"https:\/\/www.wartist.org\/blog\/index.php?rest_route=%2Fwp%2Fv2%2Fcomments&post=1924"}],"version-history":[{"count":4,"href":"https:\/\/www.wartist.org\/blog\/index.php?rest_route=\/wp\/v2\/posts\/1924\/revisions"}],"predecessor-version":[{"id":1933,"href":"https:\/\/www.wartist.org\/blog\/index.php?rest_route=\/wp\/v2\/posts\/1924\/revisions\/1933"}],"wp:attachment":[{"href":"https:\/\/www.wartist.org\/blog\/index.php?rest_route=%2Fwp%2Fv2%2Fmedia&parent=1924"}],"wp:term":[{"taxonomy":"category","embeddable":true,"href":"https:\/\/www.wartist.org\/blog\/index.php?rest_route=%2Fwp%2Fv2%2Fcategories&post=1924"},{"taxonomy":"post_tag","embeddable":true,"href":"https:\/\/www.wartist.org\/blog\/index.php?rest_route=%2Fwp%2Fv2%2Ftags&post=1924"}],"curies":[{"name":"wp","href":"https:\/\/api.w.org\/{rel}","templated":true}]}}