{"id":2117,"date":"2018-11-18T22:34:25","date_gmt":"2018-11-18T21:34:25","guid":{"rendered":"https:\/\/www.wartist.org\/blog\/?p=2117"},"modified":"2018-11-21T14:53:56","modified_gmt":"2018-11-21T13:53:56","slug":"100-jahre-kriegsende-konzerthaus-berlin","status":"publish","type":"post","link":"https:\/\/www.wartist.org\/blog\/?p=2117","title":{"rendered":"100 Jahre Kriegsende (Konzerthaus Berlin)"},"content":{"rendered":"<p><span style=\"display: inline !important; float: none; background-color: transparent; color: #333333; cursor: text; font-family: Georgia,'Times New Roman','Bitstream Charter',Times,serif; font-size: 16px; font-style: normal; font-variant: normal; font-weight: 400; letter-spacing: normal; orphans: 2; text-align: left; text-decoration: none; text-indent: 0px; text-transform: none; -webkit-text-stroke-width: 0px; white-space: normal; word-spacing: 0px;\">ngg_shortcode_0_placeholder<\/span><\/p>\n<p>Zum 100. Jahrestag des Ende des <a href=\"https:\/\/de.wikipedia.org\/wiki\/Erster_Weltkrieg\">Ersten Weltkrieges<\/a> finden zahlreiche Gedenkkonzerte statt. Dies ist nicht zuletzt eine sch\u00f6ne Gelegenheit, selten aufgef\u00fchrte Werke kennenzulernen. Das Konzert <a href=\"https:\/\/www.konzerthaus.de\/de\/programm\/berliner-cappella-kammersymphonie-berlin-maike-buhle\/4096\">&#8222;100 Jahre Kriegsende&#8220;<\/a> der <strong><a href=\"https:\/\/berliner-cappella.de\/konzerte\/100-jahre-kriegsende\/\">Berliner Cappella e.V.<\/a><\/strong> am 21. November 2018 im <a href=\"https:\/\/www.konzerthaus.d\">Konzerthaus Berlin<\/a> ist eine solche Gelegenheit, werden doch dort Kompositionen von <strong><a href=\"https:\/\/de.wikipedia.org\/wiki\/Lili_Boulanger\">Lili Boulanger<\/a><\/strong> (1893-1918) und <strong><a href=\"https:\/\/de.wikipedia.org\/wiki\/Joachim_Raff\">Joachim Raff<\/a><\/strong> (1822-1882) zu h\u00f6ren sein.<!--more--><\/p>\n<p>Der 100. Jahrestag des Ende des Ersten Weltkrieges, aber auch der 400. Jahrestag des Beginn des <a href=\"https:\/\/de.wikipedia.org\/wiki\/Drei%C3%9Figj%C3%A4hriger_Krieg\">30j\u00e4hrigen Krieges<\/a> waren f\u00fcr den Chor Berliner Cappella Anlass, die Saison 2018\/2019 unter das Motto &#8222;Krieg und Frieden&#8220; zu stellen. Zentrum des ersten Konzerts jener Saison bildet der <a href=\"https:\/\/de.wikipedia.org\/wiki\/Psalm_130\">Psalm 130<\/a>, &#8222;Aus der Tiefe rufe ich, Herr, zu Dir&#8220; bzw. lateinisch<i> De profundis<\/i>: Ein tiefes Flehen nach Erl\u00f6sung. Zahlreiche K\u00fcnstler setzten sich damit auseinander, nicht zuletzt \u00fcber die Schrecken des Krieges: <a href=\"https:\/\/de.wikipedia.org\/wiki\/Marcel_Dupr%C3%A9\">Marcel Dupr\u00e9<\/a>, <a href=\"https:\/\/de.wikipedia.org\/wiki\/Arthur_Honegger\">Arthur Honegger<\/a>, <a href=\"https:\/\/de.wikipedia.org\/wiki\/Georg_Trakl\">Georg Trakl<\/a>, <a href=\"https:\/\/de.wikipedia.org\/wiki\/Arvo_P%C3%A4rt\">Arvo P\u00e4rt<\/a>, um nur einige zu nennen.<\/p>\n<p>Die franz\u00f6sische Komponistin Lili Boulanger vertonte 1917, wenige Monate vor ihrem fr\u00fchen Tod vor ebenfalls 100 Jahren, den Psalm als&nbsp;<em>Du Fond de<\/em> l&#8217;Ab\u00eeme f\u00fcr Alt, Tenor, Chor, Orgel und Orchester. Im Konzert wird ihr Ansatz der Komposition&nbsp;<em>De Profundis op. 141&nbsp;<\/em>von Joachim Raff gegen\u00fcbergestellt. Jener deutsche Komponist und Musikp\u00e4dagoge schweizerischer Herkunft erstellte es 1867 unter dem Eindruck des <a href=\"https:\/\/de.wikipedia.org\/wiki\/Deutscher_Krieg\">Preu\u00dfisch-\u00f6sterreichischen Krieges<\/a> f\u00fcr achtstimmigen Sopran, Chor und Orchester, wobei er das Werk dem von ihm hochverehrten <a href=\"https:\/\/de.wikipedia.org\/wiki\/Franz_Liszt\">Franz Liszt<\/a> <span style=\"display: inline !important; float: none; background-color: transparent; color: #333333; cursor: text; font-family: Georgia,'Times New Roman','Bitstream Charter',Times,serif; font-size: 16px; font-style: normal; font-variant: normal; font-weight: 400; letter-spacing: normal; orphans: 2; text-align: left; text-decoration: none; text-indent: 0px; text-transform: none; -webkit-text-stroke-width: 0px; white-space: normal; word-spacing: 0px;\">widmete<\/span>, einem seiner fr\u00fchen F\u00f6rderer. Jene deutsch-franz\u00f6sische Gegen\u00fcberstellung der einstigen &#8222;Erbfeinde&#8220; wurde bewusst als Zeichen der Auss\u00f6hnung gew\u00e4hlt.<\/p>\n<p>Au\u00dferdem wird Boulangers <em><i>Pour les Fun\u00e9railles d\u2019un Soldat<\/i> <\/em>(Elegie auf das Begr\u00e4bnis eines Soldaten) f\u00fcr Bariton, Chor und Orchester aus dem Jahr 1912 aufgef\u00fchrt.<\/p>\n<p>&nbsp;<\/p>\n<p><strong><a href=\"https:\/\/www.konzerthaus.de\/de\/programm\/berliner-cappella-kammersymphonie-berlin-maike-buhle\/4096\">100 Jahre Kriegsende<\/a><\/strong><br \/>\n<span class=\"artist\">Berliner Cappella, <\/span><span class=\"artist\">Kammersymphonie Berlin<\/span> (Leitung: <span class=\"artist\">Maike B\u00fchle<span class=\"instrument\">), <\/span><\/span><span class=\"artist\">Johanna Knauth (<span class=\"instrument\">Sopran),<\/span><\/span> <span class=\"artist\">Franziska Markowitsch (<span class=\"instrument\">Mezzosopran),<\/span><\/span> <span class=\"artist\">David Pichlmaier (<span class=\"instrument\">Bariton), Hochschulchor der UdK<br \/>\n21. November 2018, 2000h<br \/>\nKarten: 14,- bis 32,- \u20ac<\/span><\/span><\/p>\n<p><strong><a href=\"https:\/\/www.konzerthaus.de\/de\/\">Konzerthaus Berlin<\/a><\/strong><br \/>\nGendarmenmarkt<br \/>\n10117 Berlin<\/p>","protected":false},"excerpt":{"rendered":"<p>Zum 100. Jahrestag des Ende des Ersten Weltkrieges finden zahlreiche Gedenkkonzerte statt. Dies ist nicht zuletzt eine sch\u00f6ne Gelegenheit, selten aufgef\u00fchrte Werke kennenzulernen. Das Konzert &#8222;100 Jahre Kriegsende&#8220; der Berliner Cappella e.V. am 21. November 2018 im Konzerthaus Berlin ist eine solche Gelegenheit, werden doch dort Kompositionen von Lili Boulanger (1893-1918) und Joachim Raff (1822-1882) &hellip; <a href=\"https:\/\/www.wartist.org\/blog\/?p=2117\" class=\"more-link\"><span class=\"screen-reader-text\">\u201e100 Jahre Kriegsende (Konzerthaus Berlin)\u201c<\/span> weiterlesen<\/a><\/p>\n","protected":false},"author":4,"featured_media":0,"comment_status":"open","ping_status":"open","sticky":false,"template":"","format":"standard","meta":{"ngg_post_thumbnail":0},"categories":[42,4],"tags":[58,355,87,10],"aioseo_notices":[],"_links":{"self":[{"href":"https:\/\/www.wartist.org\/blog\/index.php?rest_route=\/wp\/v2\/posts\/2117"}],"collection":[{"href":"https:\/\/www.wartist.org\/blog\/index.php?rest_route=\/wp\/v2\/posts"}],"about":[{"href":"https:\/\/www.wartist.org\/blog\/index.php?rest_route=\/wp\/v2\/types\/post"}],"author":[{"embeddable":true,"href":"https:\/\/www.wartist.org\/blog\/index.php?rest_route=\/wp\/v2\/users\/4"}],"replies":[{"embeddable":true,"href":"https:\/\/www.wartist.org\/blog\/index.php?rest_route=%2Fwp%2Fv2%2Fcomments&post=2117"}],"version-history":[{"count":2,"href":"https:\/\/www.wartist.org\/blog\/index.php?rest_route=\/wp\/v2\/posts\/2117\/revisions"}],"predecessor-version":[{"id":2129,"href":"https:\/\/www.wartist.org\/blog\/index.php?rest_route=\/wp\/v2\/posts\/2117\/revisions\/2129"}],"wp:attachment":[{"href":"https:\/\/www.wartist.org\/blog\/index.php?rest_route=%2Fwp%2Fv2%2Fmedia&parent=2117"}],"wp:term":[{"taxonomy":"category","embeddable":true,"href":"https:\/\/www.wartist.org\/blog\/index.php?rest_route=%2Fwp%2Fv2%2Fcategories&post=2117"},{"taxonomy":"post_tag","embeddable":true,"href":"https:\/\/www.wartist.org\/blog\/index.php?rest_route=%2Fwp%2Fv2%2Ftags&post=2117"}],"curies":[{"name":"wp","href":"https:\/\/api.w.org\/{rel}","templated":true}]}}