{"id":32,"date":"2009-01-17T16:41:54","date_gmt":"2009-01-17T14:41:54","guid":{"rendered":"http:\/\/www.wartist.org\/blog\/?p=32"},"modified":"2009-02-19T19:13:18","modified_gmt":"2009-02-19T18:13:18","slug":"interview-mit-aviv-geffen-tagesspiegel","status":"publish","type":"post","link":"https:\/\/www.wartist.org\/blog\/?p=32","title":{"rendered":"Aviv Geffen: Konzert und Interview"},"content":{"rendered":"<p><span lang=\"de\">ngg_shortcode_0_placeholderPhilipp Lichterbeck interviewte f\u00fcr den heutigen <\/span><a href=\"http:\/\/www.tagesspiegel.de\/kultur\/Aviv-Geffen-Israel-Gaza;art772,2707816\"><span lang=\"de\">Tagesspiegel<\/span><\/a><span lang=\"de\"> den israelischen Musiker Aviv Geffen (35). Der androgyn auftretende Musiker wurde nicht zuletzt durch die Friedenskundgebung vom 4.11.1995 in Tel Aviv bekannt, auf der Jizchak Rabin nach dessen Rede ermordet wurde.<!--more--><sup class='footnote'><a href='#fn-32-1' id='fnref-32-1' onclick='return fdfootnote_show(32)'>1<\/a><\/sup> Er rechnet sich selbst der &#8222;radikalen Linken&#8220; Israels zu, schminkt sich und verweigerte den Wehrdienst<sup class='footnote'><a href='#fn-32-2' id='fnref-32-2' onclick='return fdfootnote_show(32)'>2<\/a><\/sup> &#8211; alles Eigenschaften, die seinen Beliebtheitsgrad nicht bei allen Landsleuten steigerten.<\/span><\/p>\n<p><span lang=\"de\">Man sollte jedoch vorsichtig sein, wenn eine Antwort auf die Frage nach den Ursachen des Konflikts mit den Worten &#8222;Ganz einfach&#8220; eingeleitet wird.<sup class='footnote'><a href='#fn-32-3' id='fnref-32-3' onclick='return fdfootnote_show(32)'>3<\/a><\/sup> Und so ein Peace-Symbol-Tattoo auf dem Oberarm l\u00e4\u00dft es nat\u00fcrlich ziemlich krachen.<sup class='footnote'><a href='#fn-32-4' id='fnref-32-4' onclick='return fdfootnote_show(32)'>4<\/a><\/sup> Sehr klar sind seine Worte in Richtung seiner arabischen Musiker-Kollegen: &#8222;Nein, es gibt keinen pal\u00e4stinensischen oder syrischen Aviv Geffen. Sie sind Feiglinge. Macht endlich den Mund auf!&#8220;<sup class='footnote'><a href='#fn-32-5' id='fnref-32-5' onclick='return fdfootnote_show(32)'>5<\/a><\/sup>Ach ja, und f\u00fcr die schnellentschlossenen Interessierten: <strong>heute um 2000h<\/strong> spielt er mit seiner Band Blackfield und Special Guest Steven Wilson im <\/span><a href=\"http:\/\/www.fritzclub.com\/index.php\/cmd\/catalogue_details\/modul\/portal\/kernwert\/programm\/block\/catalogue_2\/field\/1067\/show\/0\/search\/\/\"><span lang=\"de\">Fritzclub im Postbahnhof<\/span><\/a><span lang=\"de\"> in Berlin.<sup class='footnote'><a href='#fn-32-6' id='fnref-32-6' onclick='return fdfootnote_show(32)'>6<\/a><\/sup> Weitere Tourdaten finden sich in den Links (s.u.).<\/span><\/p>\n<p><span lang=\"de\"><strong>Weitere Links:<\/strong><br \/>\n<\/span><a href=\"http:\/\/www.avivgeffen.co.uk\/\"><span lang=\"de\">Aviv Geffens Homepage<\/span><\/a><br \/>\n<a href=\"http:\/\/www.avivarchive.co.il\/\"><span lang=\"de\">Weitere Daten der <em>Aviv Geffen European Tour 2009<\/em><\/span><\/a><br \/>\n<a href=\"http:\/\/www.myspace.com\/avivgeffen\"><span lang=\"de\">MySpace-Profil von Aviv Geffen<\/span><\/a><br \/>\n<a href=\"http:\/\/de.wikipedia.org\/wiki\/Aviv_Geffen\"><span lang=\"de\">Deutscher Wikipedia-Eintrag zu Aviv Geffen<\/span><\/a><\/p>\n<div class='footnotes' id='footnotes-32'>\n<div class='footnotedivider'><\/div>\n<ol>\n<li id='fn-32-1'> Text- und Tondokumente (RealAudio), einschlie\u00dflich Geffens Lied &#8222;To Cry For You&#8220; finden sich bei <\/span><a href=\"http:\/\/www.hagalil.com\/israel\/rabin\/sound.htm\"><span lang=\"de\">HaGalil<\/span><\/a><span lang=\"de\"> <span class='footnotereverse'><a href='#fnref-32-1'>&#8617;<\/a><\/span><\/li>\n<li id='fn-32-2'> &#8222;Ich hatte einen schlimmen R\u00fccken. Aber ich hatte vorher schon gesagt, dass ich mich eher umbringe, als mir eine Uniform anzuziehen.&#8220; (<\/span><a href=\"http:\/\/www.tagesspiegel.de\/kultur\/Aviv-Geffen-Israel-Gaza;art772,2707816\"><span lang=\"de\">Interview, Tagesspiegel, 17.1.2009)<\/span><\/a><span lang=\"de\"> <span class='footnotereverse'><a href='#fnref-32-2'>&#8617;<\/a><\/span><\/li>\n<li id='fn-32-3'> dto. <span class='footnotereverse'><a href='#fnref-32-3'>&#8617;<\/a><\/span><\/li>\n<li id='fn-32-4'> <\/span><a href=\"http:\/\/newsticker.sueddeutsche.de\/list\/id\/372287\"><span lang=\"de\">Artikel auf SZ-online, 13.1.2009<\/span><\/a><span lang=\"de\"> <span class='footnotereverse'><a href='#fnref-32-4'>&#8617;<\/a><\/span><\/li>\n<li id='fn-32-5'> <\/span><a href=\"http:\/\/www.tagesspiegel.de\/kultur\/Aviv-Geffen-Israel-Gaza;art772,2707816\"><span lang=\"de\">Interview, Tagesspiegel, 17.1.2009<\/span><\/a><span lang=\"de\"> <span class='footnotereverse'><a href='#fnref-32-5'>&#8617;<\/a><\/span><\/li>\n<li id='fn-32-6'> Stra\u00dfe der Pariser Kommune 8, 10243 Berlin, beim Ostbahnhof; Tickets f\u00fcr 14\u20ac <span class='footnotereverse'><a href='#fnref-32-6'>&#8617;<\/a><\/span><\/li>\n<\/ol>\n<\/div>","protected":false},"excerpt":{"rendered":"<p>Philipp Lichterbeck interviewte f\u00fcr den heutigen Tagesspiegel den israelischen Musiker Aviv Geffen (35). Der androgyn auftretende Musiker wurde nicht zuletzt durch die Friedenskundgebung vom 4.11.1995 in Tel Aviv bekannt, auf der Jizchak Rabin nach dessen Rede ermordet wurde.<\/p>\n","protected":false},"author":4,"featured_media":0,"comment_status":"open","ping_status":"open","sticky":false,"template":"","format":"standard","meta":{"ngg_post_thumbnail":0},"categories":[27,4],"tags":[45,354,10,46],"aioseo_notices":[],"_links":{"self":[{"href":"https:\/\/www.wartist.org\/blog\/index.php?rest_route=\/wp\/v2\/posts\/32"}],"collection":[{"href":"https:\/\/www.wartist.org\/blog\/index.php?rest_route=\/wp\/v2\/posts"}],"about":[{"href":"https:\/\/www.wartist.org\/blog\/index.php?rest_route=\/wp\/v2\/types\/post"}],"author":[{"embeddable":true,"href":"https:\/\/www.wartist.org\/blog\/index.php?rest_route=\/wp\/v2\/users\/4"}],"replies":[{"embeddable":true,"href":"https:\/\/www.wartist.org\/blog\/index.php?rest_route=%2Fwp%2Fv2%2Fcomments&post=32"}],"version-history":[{"count":29,"href":"https:\/\/www.wartist.org\/blog\/index.php?rest_route=\/wp\/v2\/posts\/32\/revisions"}],"predecessor-version":[{"id":43,"href":"https:\/\/www.wartist.org\/blog\/index.php?rest_route=\/wp\/v2\/posts\/32\/revisions\/43"}],"wp:attachment":[{"href":"https:\/\/www.wartist.org\/blog\/index.php?rest_route=%2Fwp%2Fv2%2Fmedia&parent=32"}],"wp:term":[{"taxonomy":"category","embeddable":true,"href":"https:\/\/www.wartist.org\/blog\/index.php?rest_route=%2Fwp%2Fv2%2Fcategories&post=32"},{"taxonomy":"post_tag","embeddable":true,"href":"https:\/\/www.wartist.org\/blog\/index.php?rest_route=%2Fwp%2Fv2%2Ftags&post=32"}],"curies":[{"name":"wp","href":"https:\/\/api.w.org\/{rel}","templated":true}]}}