{"id":576,"date":"2010-05-10T17:18:07","date_gmt":"2010-05-10T16:18:07","guid":{"rendered":"http:\/\/www.wartist.org\/blog\/?p=576"},"modified":"2010-05-12T20:05:03","modified_gmt":"2010-05-12T19:05:03","slug":"wartist-prasentiert-textilkunst-aus-konfliktstoff","status":"publish","type":"post","link":"https:\/\/www.wartist.org\/blog\/?p=576","title":{"rendered":"Wartist pr\u00e4sentiert: Textilkunst aus Konfliktstoff"},"content":{"rendered":"<p>ngg_shortcode_0_placeholderDer Textilk\u00fcnstler <a title=\"Konfliktstoff\" href=\"http:\/\/www.konfliktstoff.org\" target=\"_blank\">Jan Bej\u0161ovec<\/a> wird ab dem 21. Mai 2010 in den R\u00e4umlichkeiten der Berliner Politikberatungsfirma <a title=\"republik movida GmbH\" href=\"http:\/\/www.republik-movida.de\/\" target=\"_blank\">republik movida GmbH<\/a>\u00a0eine Auswahl seiner ungew\u00f6hnlichen Werke ausstellen. Die Ausstellung &#8222;Textilkunst aus Konfliktstoff&#8220; wird von Martin Bayer kuratiert und von <a title=\"Siegmund Ehrmann, MdB\" href=\"http:\/\/www.siegmund-ehrmann.de\/\" target=\"_blank\">Siegmund Ehrmann, MdB<\/a> und kulturpolitischer Sprecher der SPD-Bundestagsfraktion eingeleitet.<\/p>\n<p><!--more--><\/p>\n<p>Der 1975 in der N\u00e4he von Karl-Marx-Stadt (heute Chemnitz) geborene K\u00fcnstler fiel uns vor mehr als einem Jahr mit seiner faszinierenden Installation <a title=\"Wartist: Peace Column\" href=\"https:\/\/www.wartist.org\/blog\/?p=312\" target=\"_self\">&#8222;Friedenss\u00e4ule&#8220;<\/a> am Mehringplatz in Berlin-Kreuzberg auf: dort griff er mit seiner k\u00fcnstlerischen Intervention im \u00f6ffentlichen Raum die mannigfaltigen &#8211; und insbesondere milit\u00e4rischen &#8211; Aspekte der unmittelbaren Umgebung auf. Seine aktuelle Ausstellung zeigt unter anderem mehrere neue Werke.<\/p>\n<p>Jan Bej\u0161ovec setzt sich in seinen Arbeiten immer wieder mit (nicht zuletzt deutsch-deutscher) Geschichte auseinander, mit Tradition und Selbstverst\u00e4ndnis. Hierzu bedient er sich oft Stoffen mit Tarnmustern, aber auch anderen Uniformteilen.<\/p>\n<p>Mit den Worten des K\u00fcnstlers: &#8222;Der Stoff, aus dem diese Kunst ist, soll nicht schm\u00fccken, soll sich nicht samtweich anf\u00fchlen. Er stammt aus volkseigener Produktion, aus Armeedepots oder vom Tr\u00f6dler. Er lag jahrelang auf Dachb\u00f6den, war in Kleiders\u00e4cke gepresst, hing vergessen auf einem Kleiderb\u00fcgel. Aber dieser Stoff kann Geschichte verk\u00f6rpern und Geschichten erz\u00e4hlen, hat Erfahrungen gemacht und Eindr\u00fccke gesammelt.\u00a0St\u00fcck f\u00fcr St\u00fcck zusammengen\u00e4ht, bestickt, ausgestopft oder auf einen Rahmen gezogen, f\u00e4ngt er zu sprechen an. Berichtet von Auseinandersetzungen, Entt\u00e4uschungen, Weltanschauungen, von Faszination, Spa\u00df, Ironie und ist deshalb Textilkunst aus Konfliktstoff!&#8220;<\/p>\n<p>Diese Ausstellung ist zugleich die\u00a0erste Zusammenarbeit der\u00a0republik movida GmbH mit Wartist. Die unweit von Bundestag und Kanzleramt ans\u00e4ssige Politikberatungsfirma, geleitet von Lars Rohwer und Jan Strecker,\u00a0leistet auch hiermit ihren Anteil zur engen Verbindung zwischen Politik, Medien, Wirtschaft und Kultur.<\/p>\n<p>Zur Vernissage wird Siegmund Ehrmann, MdB, stellvertretender Vorsitzender des Ausschusses f\u00fcr Kultur und Medien und kulturpolitischer Sprecher der SPD-Bundestagsfraktion ein Gru\u00dfwort sprechen. Der K\u00fcnstler wird anwesend sein. Informationenen zur Einladung und zum Besuch der Ausstellung sind per <a title=\"republik movida GmbH \/ Konfliktstoff\" href=\"mailto:konfliktstoff@republik-movida.de\" target=\"_blank\">Email<\/a>\u00a0erh\u00e4ltlich.<\/p>\n<p><strong>Jan Bej\u0161ovec: Textilkunst aus Konfliktstoff<br \/>\n<\/strong>republik movida GmbH<br \/>\nLuisenstr. 41<br \/>\n10117 Berlin<br \/>\nTel. 030 \/ 526 825 410<\/p>\n<p><span style=\"text-decoration: underline;\">Vernissage:<\/span><br \/>\n21.5.2010, 1800h<br \/>\nBitte um Anmeldung; die Teilnahme ist begrenzt!<\/p>\n<div class='footnotes' id='footnotes-576'>\n<div class='footnotedivider'><\/div>\n<ol>\n<li id='fn-576-1'> German <em>Konfliktstoff<\/em> means &#8222;causes of conflict&#8220;, set together by <em>Konflikt<\/em> and <em>Stoff<\/em>, literally meaning fabric. <span class='footnotereverse'><a href='#fnref-576-1'>&#8617;<\/a><\/span><\/li>\n<\/ol>\n<\/div>","protected":false},"excerpt":{"rendered":"<p>Der Textilk\u00fcnstler Jan Bej\u0161ovec wird ab dem 21. Mai 2010 in den R\u00e4umlichkeiten der Berliner Politikberatungsfirma republik movida GmbH\u00a0eine Auswahl seiner ungew\u00f6hnlichen Werke ausstellen. Die Ausstellung &#8222;Textilkunst aus Konfliktstoff&#8220; wird von Martin Bayer kuratiert und von Siegmund Ehrmann, MdB und kulturpolitischer Sprecher der SPD-Bundestagsfraktion eingeleitet.<\/p>\n","protected":false},"author":4,"featured_media":0,"comment_status":"open","ping_status":"open","sticky":false,"template":"","format":"standard","meta":{"ngg_post_thumbnail":0},"categories":[42,4],"tags":[16,8,58,20,354],"aioseo_notices":[],"_links":{"self":[{"href":"https:\/\/www.wartist.org\/blog\/index.php?rest_route=\/wp\/v2\/posts\/576"}],"collection":[{"href":"https:\/\/www.wartist.org\/blog\/index.php?rest_route=\/wp\/v2\/posts"}],"about":[{"href":"https:\/\/www.wartist.org\/blog\/index.php?rest_route=\/wp\/v2\/types\/post"}],"author":[{"embeddable":true,"href":"https:\/\/www.wartist.org\/blog\/index.php?rest_route=\/wp\/v2\/users\/4"}],"replies":[{"embeddable":true,"href":"https:\/\/www.wartist.org\/blog\/index.php?rest_route=%2Fwp%2Fv2%2Fcomments&post=576"}],"version-history":[{"count":8,"href":"https:\/\/www.wartist.org\/blog\/index.php?rest_route=\/wp\/v2\/posts\/576\/revisions"}],"predecessor-version":[{"id":580,"href":"https:\/\/www.wartist.org\/blog\/index.php?rest_route=\/wp\/v2\/posts\/576\/revisions\/580"}],"wp:attachment":[{"href":"https:\/\/www.wartist.org\/blog\/index.php?rest_route=%2Fwp%2Fv2%2Fmedia&parent=576"}],"wp:term":[{"taxonomy":"category","embeddable":true,"href":"https:\/\/www.wartist.org\/blog\/index.php?rest_route=%2Fwp%2Fv2%2Fcategories&post=576"},{"taxonomy":"post_tag","embeddable":true,"href":"https:\/\/www.wartist.org\/blog\/index.php?rest_route=%2Fwp%2Fv2%2Ftags&post=576"}],"curies":[{"name":"wp","href":"https:\/\/api.w.org\/{rel}","templated":true}]}}