{"id":706,"date":"2010-10-21T19:27:44","date_gmt":"2010-10-21T18:27:44","guid":{"rendered":"http:\/\/www.wartist.org\/blog\/?p=706"},"modified":"2011-03-11T17:40:01","modified_gmt":"2011-03-11T16:40:01","slug":"wartist-prasentiert-erinnerungen-von-jurgen-graetz","status":"publish","type":"post","link":"https:\/\/www.wartist.org\/blog\/?p=706","title":{"rendered":"Wartist pr\u00e4sentiert: &#8222;Erinnerungen&#8220; von J\u00fcrgen Graetz"},"content":{"rendered":"<p>ngg_shortcode_0_placeholderDer in der <a title=\"DDR (Wikipedia)\" href=\"http:\/\/de.wikipedia.org\/wiki\/DDR\" target=\"_blank\">DDR<\/a> aufgewachsene <strong>J\u00fcrgen Graetz <\/strong>wird ab dem 29. Oktober 2010 in den R\u00e4umlichkeiten der Berliner Politikberatungsfirma <a title=\"republik movida GmbH\" href=\"http:\/\/www.republik-movida.de\/\" target=\"_blank\"><strong>republik movida GmbH<\/strong><\/a>\u00a0eine Auswahl seiner Fotografien pr\u00e4sentieren. Die Ausstellung <strong><a title=\"Flyer (PDF)\" href=\"https:\/\/www.wartist.org\/blog\/?attachment_id=709\" target=\"_blank\">\u201cErinnerungen\u201d<\/a><\/strong> wird von Martin Bayer kuratiert und von\u00a0<a title=\"Lars Lindemann MdB (FDP)\" href=\"http:\/\/www.lars-lindemann.info\" target=\"_blank\"><strong>Lars Lindemann\u00a0MdB<\/strong><\/a><strong> (FDP) <\/strong>eingeleitet.<\/p>\n<p><!--more--><\/p>\n<p>Der 1943 im brandenburgischen Dagow geborene Graetz fiel uns mit seinen geradezu zauberhaften Aufnahmen des <a title=\"Sowjetisches Ehrenmal Berlin-Treptow (Wikipedia)\" href=\"http:\/\/de.wikipedia.org\/wiki\/Sowjetisches_Ehrenmal_(Treptower_Park)\" target=\"_blank\">sowjetischen Ehrenmals in Berlin-Treptow<\/a> auf (siehe hierzu auch <a title=\"Mutter Heimat (Wartist)\" href=\"https:\/\/www.wartist.org\/blog\/?p=648\" target=\"_blank\">dieser Wartist-Artikel<\/a> \u00fcber die Werke des Bildhauers\u00a0<a title=\"J.W. Wutschetitsch (Wikipedia)\" href=\"http:\/\/de.wikipedia.org\/wiki\/Jewgeni_Wiktorowitsch_Wutschetitsch\" target=\"_blank\"><strong>Jewgeni W. Wutschetitsch<\/strong><\/a>): Aufgel\u00f6st vom Nebel tritt die Monumentalit\u00e4t der Gedenkst\u00e4tte in den Hintergrund und l\u00e4\u00dft so Raum f\u00fcr Trauer und Erinnerungen. Zum Ende der DDR &#8211; und damit in der Zeit von <a title=\"Glasnost (Wikipedia)\" href=\"http:\/\/de.wikipedia.org\/wiki\/Glasnost\" target=\"_blank\">Glasnost<\/a> und <a title=\"Perestroika (Wikipedia)\" href=\"http:\/\/de.wikipedia.org\/wiki\/Perestroika\" target=\"_blank\">Perestroika<\/a> &#8211; wurde aus der offiziellen &#8222;Kranzabwurfstelle&#8220; ein Erinnerungsort f\u00fcr Soldaten und Hinterbliebene.<\/p>\n<p>Graetz ist ein hervorragender Beobachter: in seinen klassischen Fotografien steht das Bild des Menschen im Vordergrund. Immer wieder gelingt es ihm, in festgehaltenen Augenblicken Geschichten und auch Geschichte zu verdichten: Ein Soldat der <a title=\"DDR-Grenztruppen (Wikipedia)\" href=\"http:\/\/de.wikipedia.org\/wiki\/Grenztruppen_der_DDR\" target=\"_blank\">DDR-Grenztruppen<\/a> sitzt vor seinem Wachturm &#8211; doch um ihn herum spielen Kinder, denn die <a title=\"Innerdeutsche Grenze (Wikipedia)\" href=\"http:\/\/de.wikipedia.org\/wiki\/Innerdeutsche_Grenze\" target=\"_blank\">innerdeutsche Grenze<\/a> ist bereits gefallen, w\u00e4hrend er immer noch seine offizielle Aufgabe erf\u00fcllen soll.<\/p>\nngg_shortcode_2_placeholder\n<p>Ein <a title=\"Trabant (Wikipedia)\" href=\"http:\/\/de.wikipedia.org\/wiki\/Trabi\" target=\"_blank\">Trabi<\/a> der Grenztruppen f\u00e4hrt die Grenze zwischen den beiden Teilen Deutschlands ab &#8211; doch auch die an sich schon absurde Realit\u00e4t dieser Fahrt wird noch gesteigert, denn jene Grenze existierte zum Zeitpunkt der Aufnahme nur noch juristisch.<\/p>\n<p>Neben Fotografien aus jener \u00dcbergangszeit sind in der Ausstellung auch zahlreiche Momentaufnahmen aus dem Lebensalltag in der DDR zu sehen.<\/p>\n<p>Diese Ausstellung ist nach <a title=\"Konfliktstoff (Wartist)\" href=\"https:\/\/www.wartist.org\/blog\/?p=576\" target=\"_blank\"><strong>&#8222;Textilkunst aus Konfliktstoff&#8220;<\/strong><\/a> mit Werken von <strong><a title=\"Friedenss\u00e4ule (Wartist)\" href=\"https:\/\/www.wartist.org\/blog\/?p=312\" target=\"_blank\">Jan Bej\u0161ovec<\/a> <\/strong>bereits die\u00a0zweite Zusammenarbeit der\u00a0republik movida GmbH mit Wartist. Die unweit von <a title=\"Deutscher Bundestag (Wikipedia)\" href=\"http:\/\/de.wikipedia.org\/wiki\/Bundestag\" target=\"_blank\">Bundestag<\/a> und <a title=\"Bundeskanzleramt (Wikipedia)\" href=\"http:\/\/de.wikipedia.org\/wiki\/Bundeskanzleramt_(Berlin)\" target=\"_blank\">Kanzleramt<\/a> ans\u00e4ssige Politikberatungsfirma, geleitet von Lars Rohwer und Jan Strecker,\u00a0leistet auch hiermit ihren Anteil zur engen Verbindung zwischen Politik, Medien, Wirtschaft und Kultur.<\/p>\n<p>Zur Vernissage wird\u00a0Lars Lindemann\u00a0MdB (FDP) ein Gru\u00dfwort sprechen. Der K\u00fcnstler wird anwesend sein. Weitere Informationenen zum Besuch der Ausstellung sind per <a title=\"republik movida GmbH \/ Konfliktstoff\" href=\"mailto:konfliktstoff@republik-movida.de\" target=\"_blank\">Email<\/a>\u00a0erh\u00e4ltlich.<\/p>\n<p><strong><a title=\"Flyer (PDF)\" href=\"https:\/\/www.wartist.org\/blog\/?attachment_id=709\" target=\"_blank\">Erinnerungen &#8211; Fotografien von J\u00fcrgen Graetz<\/a><br \/>\n<\/strong>republik movida GmbH<br \/>\nLuisenstr. 41<br \/>\nIm Hof, Aufgang C, 2. Etage<br \/>\n10117 Berlin<br \/>\nTel. 030 \/ 526 825 410<\/p>\n<p><span style=\"text-decoration: underline;\">Vernissage:<\/span><br \/>\n29.10.2010, 1800h<br \/>\nBitte um Anmeldung; die Teilnahme ist begrenzt!<\/p>","protected":false},"excerpt":{"rendered":"<p>Der in der DDR aufgewachsene J\u00fcrgen Graetz wird ab dem 29. Oktober 2010 in den R\u00e4umlichkeiten der Berliner Politikberatungsfirma republik movida GmbH\u00a0eine Auswahl seiner Fotografien pr\u00e4sentieren. Die Ausstellung \u201cErinnerungen\u201d wird von Martin Bayer kuratiert und von\u00a0Lars Lindemann\u00a0MdB (FDP) eingeleitet.<\/p>\n","protected":false},"author":4,"featured_media":0,"comment_status":"open","ping_status":"open","sticky":false,"template":"","format":"standard","meta":{"ngg_post_thumbnail":0},"categories":[4],"tags":[16,58,20,6,48,92,23,356],"aioseo_notices":[],"_links":{"self":[{"href":"https:\/\/www.wartist.org\/blog\/index.php?rest_route=\/wp\/v2\/posts\/706"}],"collection":[{"href":"https:\/\/www.wartist.org\/blog\/index.php?rest_route=\/wp\/v2\/posts"}],"about":[{"href":"https:\/\/www.wartist.org\/blog\/index.php?rest_route=\/wp\/v2\/types\/post"}],"author":[{"embeddable":true,"href":"https:\/\/www.wartist.org\/blog\/index.php?rest_route=\/wp\/v2\/users\/4"}],"replies":[{"embeddable":true,"href":"https:\/\/www.wartist.org\/blog\/index.php?rest_route=%2Fwp%2Fv2%2Fcomments&post=706"}],"version-history":[{"count":16,"href":"https:\/\/www.wartist.org\/blog\/index.php?rest_route=\/wp\/v2\/posts\/706\/revisions"}],"predecessor-version":[{"id":717,"href":"https:\/\/www.wartist.org\/blog\/index.php?rest_route=\/wp\/v2\/posts\/706\/revisions\/717"}],"wp:attachment":[{"href":"https:\/\/www.wartist.org\/blog\/index.php?rest_route=%2Fwp%2Fv2%2Fmedia&parent=706"}],"wp:term":[{"taxonomy":"category","embeddable":true,"href":"https:\/\/www.wartist.org\/blog\/index.php?rest_route=%2Fwp%2Fv2%2Fcategories&post=706"},{"taxonomy":"post_tag","embeddable":true,"href":"https:\/\/www.wartist.org\/blog\/index.php?rest_route=%2Fwp%2Fv2%2Ftags&post=706"}],"curies":[{"name":"wp","href":"https:\/\/api.w.org\/{rel}","templated":true}]}}