{"id":883,"date":"2011-04-29T11:52:06","date_gmt":"2011-04-29T10:52:06","guid":{"rendered":"http:\/\/www.wartist.org\/blog\/?p=883"},"modified":"2011-05-24T16:07:41","modified_gmt":"2011-05-24T15:07:41","slug":"jens-kloppmann-schlachten-kunstraum-richard-sorge-berlin","status":"publish","type":"post","link":"https:\/\/www.wartist.org\/blog\/?p=883","title":{"rendered":"Jens Kloppmann: &#8222;schlachten&#8220; (Kunstraum Richard Sorge, Berlin)"},"content":{"rendered":"<p>Der <a title=\"Kunstraum Richard Sorge, Berlin\" href=\"http:\/\/www.kunstraumrichardsorge.org\/\" target=\"_blank\"><strong>Kunstraum Richard Sorge<\/strong><\/a> in Berlin er\u00f6ffnet am 5. Mai 2011 die Einzelausstellung <a title=\"Schlachten @ Kunstraum Richard Sorge\" href=\"http:\/\/www.kunstraumrichardsorge.org\/schlachten\" target=\"_blank\"><strong>\u201eschlachten\u201c<\/strong><\/a> mit Werken von <a title=\"Jens Kloppmann\" href=\"http:\/\/www.kloppmann.org\/\" target=\"_blank\"><strong>Jens Kloppmann<\/strong><\/a>.<strong> <\/strong>Die ausgestellten Werke des K\u00fcnstlers setzen sich mit unterschiedlichen Materialien und auf verschiedene Weise mit Krieg, Wahrnehmung und Erinnerung auseinander. Die ab dem 8. Mai ge\u00f6ffnete Ausstellung (parallel zum Jahrestag der <a title=\"Deutsche Kapitulation\/WK2 (Wikipedia)\" href=\"http:\/\/de.wikipedia.org\/wiki\/Deutsche_Kapitulation\" target=\"_blank\">deutschen Kapitulation im Zweiten Weltkrieg<\/a>) wird von begleitenden Veranstaltungen unterst\u00fctzt werden, u.a. einem K\u00fcnstlergespr\u00e4ch am 26. Mai mit <strong><a title=\"Wartist - Connecting War and the Arts\" href=\"https:\/\/www.wartist.org\" target=\"_self\">Martin Bayer<\/a><\/strong><a title=\"Wartist - Connecting War and the Arts\" href=\"https:\/\/www.wartist.org\" target=\"_self\"> (wartist.org)<\/a>.<\/p>\n<p>ngg_shortcode_0_placeholder<!--more--><\/p>\n<p>Mit <strong>\u201eschlachten\u201c<\/strong> pr\u00e4sentiert Kloppmann auf mehr als 30 m\u00b2 \u201edas gr\u00f6\u00dfte Schlachtengem\u00e4lde der letzten Jahre\u201c: Laubs\u00e4gearbeiten zeigen mehr als 200 Silhouetten bekannter und unbekannter Motive, die miteinander korrespondieren. Hinzu kommen Arbeiten aus der Serie <strong>\u201eBullet Boulevard\u201c<\/strong>, Abg\u00fcsse von Kriegssch\u00e4den Berliner Hausfassaden: jene L\u00f6cher pr\u00e4gten einst das Bild dieser Stadt, doch verschwinden sie nun zunehmend.<\/p>\n<p>Jens Kloppmann besch\u00e4ftigt sich in verschiedensten Materialien mit historischen und politischen Themen. Seine Arbeiten wurden u.a. auf der <a title=\"Survival Art Review\" href=\"http:\/\/www.survival.art.pl\" target=\"_blank\">Survival Art Review<\/a> (Wroc\u0142aw, Polen), dem <a title=\"Oktober Salon\" href=\"http:\/\/www.oktobarskisalon.org\" target=\"_blank\">Oktober Salon<\/a> (Belgrad, Serbien) und der <a title=\"Kunsthalle Fridericianum, Kassel\" href=\"http:\/\/www.fridericianum-kassel.de\/\" target=\"_blank\">Kunsthalle Fridericianum<\/a> (Kassel) gezeigt.<\/p>\n<p><strong><a title=\"Schlachten @ Kunstraum Richard Sorge\" href=\"http:\/\/www.kunstraumrichardsorge.org\/schlachten\" target=\"_blank\">Jens Kloppmann: schlachten<\/a><br \/>\n<\/strong>8. bis 28. Mai 2011<br \/>\nMi-Sa 1500-1800 und nach Anmeldung<\/p>\n<p><span style=\"text-decoration: underline;\">Vernissage:<\/span> 5. Mai 2011, 1900h<br \/>\n<span style=\"text-decoration: underline;\">Special Viewing:<\/span> 8. Mai 2011, 1500-1800h<br \/>\n<span style=\"text-decoration: underline;\">K\u00fcnstlergespr\u00e4ch:<\/span> 26. Mai 2011, 2000h (moderiert von Martin Bayer, wartist.org)<\/p>\n<p><strong><a title=\"Kunstraum Richard Sorge, Berlin\" href=\"http:\/\/www.kunstraumrichardsorge.org\/\" target=\"_blank\"><strong>Kunstraum Richard Sorge<\/strong><\/a><\/strong><br \/>\nLandsberger Allee 54, Alte Brauerei<br \/>\n10249 Berlin<\/p>","protected":false},"excerpt":{"rendered":"<p>Der Kunstraum Richard Sorge in Berlin er\u00f6ffnet am 5. Mai 2011 die Einzelausstellung \u201eschlachten\u201c mit Werken von Jens Kloppmann. Die ausgestellten Werke des K\u00fcnstlers setzen sich mit unterschiedlichen Materialien und auf verschiedene Weise mit Krieg, Wahrnehmung und Erinnerung auseinander. Die ab dem 8. Mai ge\u00f6ffnete Ausstellung (parallel zum Jahrestag der deutschen Kapitulation im Zweiten Weltkrieg) &hellip; <a href=\"https:\/\/www.wartist.org\/blog\/?p=883\" class=\"more-link\"><span class=\"screen-reader-text\">\u201eJens Kloppmann: &#8222;schlachten&#8220; (Kunstraum Richard Sorge, Berlin)\u201c<\/span> weiterlesen<\/a><\/p>\n","protected":false},"author":4,"featured_media":0,"comment_status":"open","ping_status":"open","sticky":false,"template":"","format":"standard","meta":{"ngg_post_thumbnail":0},"categories":[42,4],"tags":[58,20,355,87,66,48,10,81,92,72,23,63,38],"aioseo_notices":[],"_links":{"self":[{"href":"https:\/\/www.wartist.org\/blog\/index.php?rest_route=\/wp\/v2\/posts\/883"}],"collection":[{"href":"https:\/\/www.wartist.org\/blog\/index.php?rest_route=\/wp\/v2\/posts"}],"about":[{"href":"https:\/\/www.wartist.org\/blog\/index.php?rest_route=\/wp\/v2\/types\/post"}],"author":[{"embeddable":true,"href":"https:\/\/www.wartist.org\/blog\/index.php?rest_route=\/wp\/v2\/users\/4"}],"replies":[{"embeddable":true,"href":"https:\/\/www.wartist.org\/blog\/index.php?rest_route=%2Fwp%2Fv2%2Fcomments&post=883"}],"version-history":[{"count":5,"href":"https:\/\/www.wartist.org\/blog\/index.php?rest_route=\/wp\/v2\/posts\/883\/revisions"}],"predecessor-version":[{"id":889,"href":"https:\/\/www.wartist.org\/blog\/index.php?rest_route=\/wp\/v2\/posts\/883\/revisions\/889"}],"wp:attachment":[{"href":"https:\/\/www.wartist.org\/blog\/index.php?rest_route=%2Fwp%2Fv2%2Fmedia&parent=883"}],"wp:term":[{"taxonomy":"category","embeddable":true,"href":"https:\/\/www.wartist.org\/blog\/index.php?rest_route=%2Fwp%2Fv2%2Fcategories&post=883"},{"taxonomy":"post_tag","embeddable":true,"href":"https:\/\/www.wartist.org\/blog\/index.php?rest_route=%2Fwp%2Fv2%2Ftags&post=883"}],"curies":[{"name":"wp","href":"https:\/\/api.w.org\/{rel}","templated":true}]}}