{"id":911,"date":"2011-04-28T18:14:05","date_gmt":"2011-04-28T17:14:05","guid":{"rendered":"http:\/\/www.wartist.org\/blog\/?p=911"},"modified":"2011-05-27T18:44:22","modified_gmt":"2011-05-27T17:44:22","slug":"mihai-grecu-%e2%80%9ewe%e2%80%99ll-become-oil%e2%80%9c-hengesbach-gallery-berlin","status":"publish","type":"post","link":"https:\/\/www.wartist.org\/blog\/?p=911","title":{"rendered":"Mihai Grecu: \u201ewe\u2019ll become oil\u201c (Hengesbach Gallery, Berlin)"},"content":{"rendered":"<p>Vom 30. April bis 9. Juli 2011 pr\u00e4sentiert die in Berlin ans\u00e4ssige <strong><a title=\"Hengesbach Gallery\" href=\"http:\/\/www.hengesbach-gallery.com\/\" target=\"_blank\">Hengesbach Gallery<\/a><\/strong> die beindruckende achtmin\u00fctige Videoarbeit\u00a0<strong><em><a title=\"we'll become oil (Hengesbach Gallery)\" href=\"http:\/\/www.hengesbach-gallery.com\/index_b.htm\" target=\"_blank\">\u201ewe\u2019ll become oil\u201c<\/a><\/em><\/strong><strong> <\/strong>des 1981 im rum\u00e4nischen <a title=\"Sebes (Wikipedia)\" href=\"http:\/\/de.wikipedia.org\/wiki\/Sebe%C8%99\" target=\"_blank\">Sebe\u0219<\/a> geborenen <strong><a title=\"Mihai Grecu\" href=\"http:\/\/www.mihaigrecu.org\/\" target=\"_blank\">Mihai Grecu<\/a><\/strong>: In einer menschenleeren W\u00fcstenlandschaft tauchen Kampfhubschrauber auf, die zuerst miteinander Figuren fliegen, um sich pl\u00f6tzlich gegenseitig zum Absturz zu bringen. Ein Schnitt f\u00fchrt den Film zu seinem n\u00e4chsten Teil: eine m\u00e4chtige Wand aus Flammen und schwarzem Qualm zeugt von einem offenbar von \u00d6l gen\u00e4hrten Feuer. Die destruktive Kraft wird von hypnotisch-dunklem Sound unterst\u00fctzt.<\/p>\n<p>ngg_shortcode_0_placeholder<!--more--><\/p>\n<p>Der K\u00fcnstler zeigte unl\u00e4ngst beim <a title=\"EMAF\" href=\"http:\/\/www.emaf.de\/\">European Media Art Festival (EMAF)<\/a> in Osnabr\u00fcck seine gleichsam faszinierende Videoarbeit <a title=\"centipede sun (Mihai Grecu)\" href=\"http:\/\/www.mihaigrecu.org\/pages\/CENTIPEDE.html\">\u201ecentipede sun\u201c<\/a>. Die neue Arbeit \u201ewe\u2019ll become oil\u201c hat in der Hengesbach Gallery ihre Premiere. Die Ausstellung wird auch im Rahmen des <em><a title=\"Gallery Weekend Berlin\" href=\"http:\/\/www.gallery-weekend-berlin.de\/\">Gallery Weekend Berlin<\/a> <\/em>(29. April bis 1. Mai 2011) gezeigt.<\/p>\n<p><strong><em><a title=\"we'll become oil (Hengesbach Gallery)\" href=\"http:\/\/www.hengesbach-gallery.com\/index_b.htm\" target=\"_blank\">Mihai Grecu: \u201ewe\u2019ll become oil\u201c<\/a><\/em><\/strong><strong><br \/>\n<\/strong>30. April bis 9. Juli 2011, Di-Sa 1100-1800h<br \/>\n<span style=\"text-decoration: underline;\">Vernissage:<\/span> 29. April 2011, 1800h<\/p>\n<p><strong><a title=\"Hengesbach Gallery\" href=\"http:\/\/www.hengesbach-gallery.com\/\" target=\"_blank\">Hengesbach Gallery<\/a><\/strong><br \/>\nCharlottenstr. 1<br \/>\n10969 Berlin<\/p>","protected":false},"excerpt":{"rendered":"<p>Vom 30. April bis 9. Juli 2011 pr\u00e4sentiert die in Berlin ans\u00e4ssige Hengesbach Gallery die beindruckende achtmin\u00fctige Videoarbeit\u00a0\u201ewe\u2019ll become oil\u201c des 1981 im rum\u00e4nischen Sebe\u0219 geborenen Mihai Grecu: In einer menschenleeren W\u00fcstenlandschaft tauchen Kampfhubschrauber auf, die zuerst miteinander Figuren fliegen, um sich pl\u00f6tzlich gegenseitig zum Absturz zu bringen. Ein Schnitt f\u00fchrt den Film zu seinem &hellip; <a href=\"https:\/\/www.wartist.org\/blog\/?p=911\" class=\"more-link\"><span class=\"screen-reader-text\">\u201eMihai Grecu: \u201ewe\u2019ll become oil\u201c (Hengesbach Gallery, Berlin)\u201c<\/span> weiterlesen<\/a><\/p>\n","protected":false},"author":4,"featured_media":0,"comment_status":"open","ping_status":"open","sticky":false,"template":"","format":"standard","meta":{"ngg_post_thumbnail":0},"categories":[42,4],"tags":[109,72,23,108],"aioseo_notices":[],"_links":{"self":[{"href":"https:\/\/www.wartist.org\/blog\/index.php?rest_route=\/wp\/v2\/posts\/911"}],"collection":[{"href":"https:\/\/www.wartist.org\/blog\/index.php?rest_route=\/wp\/v2\/posts"}],"about":[{"href":"https:\/\/www.wartist.org\/blog\/index.php?rest_route=\/wp\/v2\/types\/post"}],"author":[{"embeddable":true,"href":"https:\/\/www.wartist.org\/blog\/index.php?rest_route=\/wp\/v2\/users\/4"}],"replies":[{"embeddable":true,"href":"https:\/\/www.wartist.org\/blog\/index.php?rest_route=%2Fwp%2Fv2%2Fcomments&post=911"}],"version-history":[{"count":3,"href":"https:\/\/www.wartist.org\/blog\/index.php?rest_route=\/wp\/v2\/posts\/911\/revisions"}],"predecessor-version":[{"id":913,"href":"https:\/\/www.wartist.org\/blog\/index.php?rest_route=\/wp\/v2\/posts\/911\/revisions\/913"}],"wp:attachment":[{"href":"https:\/\/www.wartist.org\/blog\/index.php?rest_route=%2Fwp%2Fv2%2Fmedia&parent=911"}],"wp:term":[{"taxonomy":"category","embeddable":true,"href":"https:\/\/www.wartist.org\/blog\/index.php?rest_route=%2Fwp%2Fv2%2Fcategories&post=911"},{"taxonomy":"post_tag","embeddable":true,"href":"https:\/\/www.wartist.org\/blog\/index.php?rest_route=%2Fwp%2Fv2%2Ftags&post=911"}],"curies":[{"name":"wp","href":"https:\/\/api.w.org\/{rel}","templated":true}]}}