{"id":938,"date":"2011-09-02T12:55:28","date_gmt":"2011-09-02T11:55:28","guid":{"rendered":"http:\/\/www.wartist.org\/blog\/?p=938"},"modified":"2011-09-03T14:24:28","modified_gmt":"2011-09-03T13:24:28","slug":"zeitenwende-im-ard-hauptstadtstudio-eroffnet","status":"publish","type":"post","link":"https:\/\/www.wartist.org\/blog\/?p=938","title":{"rendered":"&#8222;Zeitenwende&#8220; im ARD-Hauptstadtstudio er\u00f6ffnet"},"content":{"rendered":"<p>Am 1. September 2011 wurde die von Martin Bayer (wartist) kuratierte Gruppenausstellung <strong><a title=\"ARD-Hauptstadtstudio\" href=\"http:\/\/www.ard-hauptstadtstudio.de\/haus\/veranstaltungen\/index.html\" target=\"_blank\">\u201cZeitenwende\u201d<\/a><\/strong> im so zentral gelegenen wie gut  besuchten <a title=\"ARD-Hauptstadtstudio\" href=\"http:\/\/www.ard-hauptstadtstudio.de\/\" target=\"_blank\"><strong>ARD-Hauptstadtstudio<\/strong><\/a> durch den renommierten Journalisten und Studioleiter des ARD-Hauptstadtstudios <a title=\"Ulrich Deppendorf (ARD-Hauptstadtstudio)\" href=\"http:\/\/www.ard-hauptstadtstudio.de\/korrespondenten\/das_erste\/deppendorf348.html\" target=\"_blank\"><strong>Ulrich Deppendorf<\/strong><\/a> vor mehr als 300 G\u00e4sten er\u00f6ffnet. 12 K\u00fcnstlerinnen und K\u00fcnstler pr\u00e4sentieren dort bis zum 21. Oktober 2011 47 Werke als k\u00fcnstlerische Reflektion auf die <a title=\"9\/11 (Wikipedia)\" href=\"http:\/\/de.wikipedia.org\/wiki\/9\/11\" target=\"_blank\">Anschl\u00e4ge des 11. September 2001<\/a> und die Folgen. Zur Ausstellung ist eine gleichnamige Begleitpublikation erschienen, die \u00fcber diese Website bestellt werden kann.<\/p>\n<p>ngg_shortcode_0_placeholder<!--more-->Ulrich Deppendorf verwies in seiner Er\u00f6ffnungsrede auf die globale Bedeutung dieses Tages: jedermann kann sich daran erinnern, was er oder sie zu dem Zeitpunkt getan hat, als die Neuigkeiten von den Anschl\u00e4gen ver\u00f6ffentlicht wurden. Die Welt hat sich in den vergangenen zehn Jahren ver\u00e4ndert. In seiner \u00fcberaus pers\u00f6nlichen Rede lie\u00df Herr Deppendorf die G\u00e4ste auch an seinen eigenen damaligen Erlebnissen und Gedanken teilhaben.<\/p>\n<p>An dieser Stelle sei allen Projektbeteiligten herzlich gedankt:<\/p>\n<ul>\n<li>Dem <a title=\"ARD-Hauptstadtstudio\" href=\"http:\/\/www.ard-hauptstadtstudio.de\/\" target=\"_blank\"><strong>ARD-Hauptstadtstudio<\/strong><\/a>, dem Studioleiter <strong>Ulrich Deppendorf <\/strong>und der Leiterin Kommunikation, <strong>Eva Woyte<\/strong>, sowie all den zahlreichen Mitarbeitern\/innen, die scheinbar Unm\u00f6gliches m\u00f6glich machten.<\/li>\n<li>Dem Projektpartner, der <strong><a title=\"Deutsche Atlantische Gesellschaft\" href=\"http:\/\/www.deutscheatlantischegesellschaft.de\/\" target=\"_blank\">Deutschen  Atlantischen Gesellschaft e.V.<\/a><\/strong>, vertreten durch ihren Pr\u00e4sidenten <strong><a title=\"PSt Christian Schmidt, MdB\" href=\"http:\/\/www.christian-schmidt.de\/index.php\" target=\"_blank\">Christian  Schmidt<\/a><\/strong> MdB (Gru\u00dfwort in der Publikation) und ihren Gesch\u00e4ftsf\u00fchrer <strong>Johannes Lay<\/strong> sowie seinen Mitarbeitern\/innen.<\/li>\n<li>Der <a title=\"Botschaft der USA\" href=\"http:\/\/german.germany.usembassy.gov\/\" target=\"_blank\">Botschaft der USA<\/a>, insbesondere der Kulturabteilung und nat\u00fcrlich <strong><a title=\"Elizabeth Corwin (Facebook)\" href=\"http:\/\/www.facebook.com\/profile.php?id=100002231571417\" target=\"_blank\">Elizabeth Corwin<\/a>, <\/strong>Kulturattach\u00e9e der Botschaft, f\u00fcr ihr Gru\u00dfwort.<\/li>\n<li><strong><a title=\"Sony Home Entertainment\" href=\"http:\/\/www.sony.de\/hub\/1237477744026\/\" target=\"_blank\">Sony<\/a> <\/strong>f\u00fcr das freundliche Sachsponsoring.<\/li>\n<li><strong><a title=\"PinguinDruck\" href=\"http:\/\/pinguindruck.de\/\" target=\"_blank\">Pinguin Druck<\/a> <\/strong>f\u00fcr die hervorragende Zusammenarbeit bei der Publikation<\/li>\n<li>Der Grafikerin <a title=\"Dean Lorenz - deasign\" href=\"http:\/\/www.deasign.de\" target=\"_blank\"><strong>Dean Lorenz<\/strong><\/a> f\u00fcr die exzellente, von Ihr unter h\u00f6chstem Zeitdruck gestaltete Publikation.<\/li>\n<li><strong>Sabrina Wittmann <\/strong>f\u00fcr Ihre nimmerm\u00fcde Mitarbeit.<\/li>\n<li>Unz\u00e4hligen weiteren Personen f\u00fcr Inspirationen, Hinweise und Hilfen.<\/li>\n<li>Und nat\u00fcrlich nicht zuletzt den 12 beteiligten K\u00fcnstlerinnen und K\u00fcnstlern f\u00fcr Ihre ber\u00fchrenden Werke:\n<ul>\n<li><strong><a title=\"Monika Anselment\" href=\"http:\/\/www.monika-anselment.net\/\" target=\"_blank\">Monika Anselment<\/a><\/strong><\/li>\n<li><strong><a title=\"Katharina Arndt\" href=\"http:\/\/www.katharina-arndt.com\/\" target=\"_blank\">Katharina Arndt<\/a><\/strong><\/li>\n<li><strong><a title=\"Till Ansgar Baumhauer\" href=\"www.till-ansgar-baumhauer.de\" target=\"_blank\">Till Ansgar Baumhauer<\/a><\/strong><\/li>\n<li><strong><a title=\"Jan Bej\u0161ovec\" href=\"http:\/\/www.konfliktstoff.org\/\">Jan  Bej\u0161ovec<\/a><\/strong><\/li>\n<li><strong><a title=\"Chris Dreier\" href=\"http:\/\/chrisdreier.de\/\" target=\"_blank\">Chris  Dreier<\/a><\/strong><\/li>\n<li><strong>Barbara Duisberg<\/strong><\/li>\n<li><strong><a title=\"Extraschrot\" href=\"http:\/\/www.extraschrot.com\/\" target=\"_blank\">Extraschrot<\/a><\/strong><\/li>\n<li><strong><a title=\"Bernard F\u00f6ll\" href=\"http:\/\/www.bernard-foell.de\/\" target=\"_blank\">Bernard F\u00f6ll<\/a><\/strong><\/li>\n<li><strong><a title=\"Marius Heckmann\" href=\"http:\/\/marius-heckmann.de\/\" target=\"_blank\">Marius Heckmann<\/a><\/strong><\/li>\n<li><strong><a title=\"Jens Kloppmann\" href=\"http:\/\/www.kloppmann.org\/\" target=\"_blank\">Jens Kloppmann<\/a><\/strong><\/li>\n<li><strong><a title=\"Gero Neumeister\" href=\"www.geroneumeister.com\" target=\"_blank\">Gero  Neumeister<\/a><\/strong><\/li>\n<li><strong><a title=\"Achim Riethmann\" href=\"http:\/\/achimriethmann.net\/\" target=\"_blank\">Achim Riethmann<\/a><\/strong><\/li>\n<li><strong><a title=\"Jo R\u00f6ttger\" href=\"http:\/\/www.joroettger.com\/\" target=\"_blank\">Jo  R\u00f6ttger<\/a><\/strong><\/li>\n<\/ul>\n<\/li>\n<\/ul>\n<p style=\"text-align: center;\">ngg_shortcode_1_placeholder<\/p>\n<p><a title=\"Konfliktstoff Deutschland (ARD-Hauptstadtstudio)\" href=\"http:\/\/www.ard-hauptstadtstudio.de\/haus\/veranstaltungen\/index.html\" target=\"_blank\"><strong><\/strong><\/a><strong><a title=\"ARD-Hauptstadtstudio\" href=\"http:\/\/www.ard-hauptstadtstudio.de\/haus\/veranstaltungen\/index.html\" target=\"_blank\">\u201cZeitenwende\u201d<\/a><\/strong><br \/>\n2. September \u2013 21. Oktober 2011  (t\u00e4glich nach Voranmeldung)<\/p>\n<p><a title=\"ARD-Hauptstadtstudio\" href=\"http:\/\/www.ard-hauptstadtstudio.de\/\" target=\"_blank\"><strong>ARD-Hauptstadtstudio<\/strong><\/a><br \/>\nWilhelmstr.  67a<br \/>\n10117 Berlin<br \/>\nTel.: 030 \/ 2288 1100<br \/>\nFax: 030 \/ 2288 1109<br \/>\nEmail <a title=\"E-Mail: kommunikation@ard-hauptstadtstudio.de\" href=\"mailto:kommunikation@ard-hauptstadtstudio.de\" target=\"_blank\">kommunikation@ard-hauptstadtstudio.de<\/a><\/p>","protected":false},"excerpt":{"rendered":"<p>Am 1. September 2011 wurde die von Martin Bayer (wartist) kuratierte Gruppenausstellung \u201cZeitenwende\u201d im so zentral gelegenen wie gut besuchten ARD-Hauptstadtstudio durch den renommierten Journalisten und Studioleiter des ARD-Hauptstadtstudios Ulrich Deppendorf vor mehr als 300 G\u00e4sten er\u00f6ffnet. 12 K\u00fcnstlerinnen und K\u00fcnstler pr\u00e4sentieren dort bis zum 21. Oktober 2011 47 Werke als k\u00fcnstlerische Reflektion auf die &hellip; <a href=\"https:\/\/www.wartist.org\/blog\/?p=938\" class=\"more-link\"><span class=\"screen-reader-text\">\u201e&#8222;Zeitenwende&#8220; im ARD-Hauptstadtstudio er\u00f6ffnet\u201c<\/span> weiterlesen<\/a><\/p>\n","protected":false},"author":4,"featured_media":0,"comment_status":"open","ping_status":"open","sticky":false,"template":"","format":"standard","meta":{"ngg_post_thumbnail":0},"categories":[18,4],"tags":[360,357,16,8,58,20,6,50,66,72,23,108],"aioseo_notices":[],"_links":{"self":[{"href":"https:\/\/www.wartist.org\/blog\/index.php?rest_route=\/wp\/v2\/posts\/938"}],"collection":[{"href":"https:\/\/www.wartist.org\/blog\/index.php?rest_route=\/wp\/v2\/posts"}],"about":[{"href":"https:\/\/www.wartist.org\/blog\/index.php?rest_route=\/wp\/v2\/types\/post"}],"author":[{"embeddable":true,"href":"https:\/\/www.wartist.org\/blog\/index.php?rest_route=\/wp\/v2\/users\/4"}],"replies":[{"embeddable":true,"href":"https:\/\/www.wartist.org\/blog\/index.php?rest_route=%2Fwp%2Fv2%2Fcomments&post=938"}],"version-history":[{"count":4,"href":"https:\/\/www.wartist.org\/blog\/index.php?rest_route=\/wp\/v2\/posts\/938\/revisions"}],"predecessor-version":[{"id":942,"href":"https:\/\/www.wartist.org\/blog\/index.php?rest_route=\/wp\/v2\/posts\/938\/revisions\/942"}],"wp:attachment":[{"href":"https:\/\/www.wartist.org\/blog\/index.php?rest_route=%2Fwp%2Fv2%2Fmedia&parent=938"}],"wp:term":[{"taxonomy":"category","embeddable":true,"href":"https:\/\/www.wartist.org\/blog\/index.php?rest_route=%2Fwp%2Fv2%2Fcategories&post=938"},{"taxonomy":"post_tag","embeddable":true,"href":"https:\/\/www.wartist.org\/blog\/index.php?rest_route=%2Fwp%2Fv2%2Ftags&post=938"}],"curies":[{"name":"wp","href":"https:\/\/api.w.org\/{rel}","templated":true}]}}